{"id":884,"date":"2023-08-01T08:00:00","date_gmt":"2023-08-01T06:00:00","guid":{"rendered":"https:\/\/juliette-cortese.fr\/?p=884"},"modified":"2023-07-31T17:33:00","modified_gmt":"2023-07-31T15:33:00","slug":"32-juillet","status":"publish","type":"post","link":"https:\/\/juliette-cortese.fr\/index.php\/2023\/08\/01\/32-juillet\/","title":{"rendered":"32 juillet"},"content":{"rendered":"\n<p>J&rsquo;ai d\u00e9j\u00e0 mis mon sang chaud dans les reflets bleus du matin. \u00c7a n&rsquo;a rien am\u00e9lior\u00e9. La t\u00eate reste dure, \u00e9pais le cr\u00e2ne. Quelque chose persiste \u00e0 se r\u00e9p\u00e9ter, se r\u00e9p\u00e9ter, se r\u00e9p\u00e9ter. Quelque chose qui n&rsquo;est pas tout \u00e0 fait moi-m\u00eame, pas tout \u00e0 fait un autre. <\/p>\n\n\n\n<p>J&rsquo;aimerais \u00eatre un pied de lavande. Je supporterais le soleil et l&rsquo;ivresse. Je m&rsquo;ennuierais avec d\u00e9lectation. Je serais un parmi d&rsquo;autres, sans besoin de se distinguer, de choisir, d&rsquo;exister sa barque.<\/p>\n\n\n\n<p>Je s\u00e9duirais sans bouger les abeilles, leurs petites trompes t\u00eatues dans mes fleurs.<\/p>\n","protected":false},"excerpt":{"rendered":"<p>J&rsquo;ai d\u00e9j\u00e0 mis mon sang chaud dans les reflets bleus du matin. \u00c7a n&rsquo;a rien am\u00e9lior\u00e9. La t\u00eate reste dure, \u00e9pais le cr\u00e2ne. Quelque chose persiste \u00e0 se r\u00e9p\u00e9ter, se r\u00e9p\u00e9ter, se r\u00e9p\u00e9ter. Quelque chose qui n&rsquo;est pas tout \u00e0 fait moi-m\u00eame, pas tout \u00e0 fait un autre. J&rsquo;aimerais \u00eatre un pied de lavande. Je [&hellip;]<\/p>\n","protected":false},"author":2,"featured_media":883,"comment_status":"open","ping_status":"open","sticky":false,"template":"","format":"standard","meta":{"activitypub_content_warning":"","activitypub_content_visibility":"","footnotes":""},"categories":[4],"tags":[],"class_list":["post-884","post","type-post","status-publish","format-standard","has-post-thumbnail","hentry","category-91eme-parallele"],"_links":{"self":[{"href":"https:\/\/juliette-cortese.fr\/index.php\/wp-json\/wp\/v2\/posts\/884","targetHints":{"allow":["GET"]}}],"collection":[{"href":"https:\/\/juliette-cortese.fr\/index.php\/wp-json\/wp\/v2\/posts"}],"about":[{"href":"https:\/\/juliette-cortese.fr\/index.php\/wp-json\/wp\/v2\/types\/post"}],"author":[{"embeddable":true,"href":"https:\/\/juliette-cortese.fr\/index.php\/wp-json\/wp\/v2\/users\/2"}],"replies":[{"embeddable":true,"href":"https:\/\/juliette-cortese.fr\/index.php\/wp-json\/wp\/v2\/comments?post=884"}],"version-history":[{"count":3,"href":"https:\/\/juliette-cortese.fr\/index.php\/wp-json\/wp\/v2\/posts\/884\/revisions"}],"predecessor-version":[{"id":891,"href":"https:\/\/juliette-cortese.fr\/index.php\/wp-json\/wp\/v2\/posts\/884\/revisions\/891"}],"wp:featuredmedia":[{"embeddable":true,"href":"https:\/\/juliette-cortese.fr\/index.php\/wp-json\/wp\/v2\/media\/883"}],"wp:attachment":[{"href":"https:\/\/juliette-cortese.fr\/index.php\/wp-json\/wp\/v2\/media?parent=884"}],"wp:term":[{"taxonomy":"category","embeddable":true,"href":"https:\/\/juliette-cortese.fr\/index.php\/wp-json\/wp\/v2\/categories?post=884"},{"taxonomy":"post_tag","embeddable":true,"href":"https:\/\/juliette-cortese.fr\/index.php\/wp-json\/wp\/v2\/tags?post=884"}],"curies":[{"name":"wp","href":"https:\/\/api.w.org\/{rel}","templated":true}]}}