{"id":864,"date":"2023-08-11T08:00:00","date_gmt":"2023-08-11T06:00:00","guid":{"rendered":"https:\/\/juliette-cortese.fr\/?p=864"},"modified":"2023-08-11T00:59:36","modified_gmt":"2023-08-10T22:59:36","slug":"42-juillet","status":"publish","type":"post","link":"https:\/\/juliette-cortese.fr\/index.php\/2023\/08\/11\/42-juillet\/","title":{"rendered":"42 juillet"},"content":{"rendered":"\n<p>Il y a quelque chose de moi qui d\u00e9cide, et quelque chose qui ne d\u00e9cide pas.&nbsp;<\/p>\n\n\n\n<p>Ou d\u00e9cide autrement, autre chose. Quelque chose qui est en moi qui n&rsquo;est pas moi, ou qui n&rsquo;est pas en moi mais qui vient, s&rsquo;invite, s&rsquo;installe, <em>se devient<\/em> une partie de moi.&nbsp;<\/p>\n\n\n\n<p>Quelque chose <em>se devient de moi<\/em>. Oui. Voil\u00e0. Et \u00e0 la fin, c&rsquo;est toujours la m\u00eame, je ne fais pas ce que je d\u00e9cide. Je ne fais pas ce que je veux.&nbsp;<\/p>\n\n\n\n<p>Mais de quel vouloir ?&nbsp;<\/p>\n\n\n\n<p>Par exemple&nbsp; : j&rsquo;ai beau avoir toutes mes journ\u00e9es, le temps me manque chaque jour.<\/p>\n\n\n\n<p>\u00c7a n&rsquo;est pas une chose tr\u00e8s grave, le temps qui manque, c&rsquo;est ordinaire. Ou alors si, c&rsquo;est tr\u00e8s grave au contraire, mais comme c&rsquo;est pour tout le monde, on s&rsquo;en ordinaire, s&rsquo;en accommode, s&rsquo;en adapte et \u00e0 la fin on meurt d&rsquo;avoir manqu\u00e9 trop de temps. De la vie finie c&rsquo;est pareil, \u00e7a ne s&rsquo;\u00e9coule plus dans un lit de fleuve ni rivi\u00e8re ni ruisseau, on a beau laver il n&rsquo;y a plus d&rsquo;eau, \u00e7a ne coule plus, \u00e7a s\u00e8che et cro\u00fbte de boue.&nbsp;<\/p>\n\n\n\n<p>\u00c7a, c&rsquo;est la-vie-la-mort, pas tr\u00e8s grave.<\/p>\n\n\n\n<p>Mais une autre chose plus grave <em>se vient <\/em>de ce qui se d\u00e9cide sans \u00eatre moi mais devient de moi : peut-\u00eatre qu\u2019il y a l\u00e0 une relation de quelque chose de \u00e7a avec quelque chose de ta disparition. Et \u00e7a, c&rsquo;est bien plus grave.&nbsp;<\/p>\n\n\n\n<p>Et quand c&rsquo;est plus grave, on se tait.&nbsp;<\/p>\n","protected":false},"excerpt":{"rendered":"<p>Il y a quelque chose de moi qui d\u00e9cide, et quelque chose qui ne d\u00e9cide pas.&nbsp; Ou d\u00e9cide autrement, autre chose. Quelque chose qui est en moi qui n&rsquo;est pas moi, ou qui n&rsquo;est pas en moi mais qui vient, s&rsquo;invite, s&rsquo;installe, se devient une partie de moi.&nbsp; Quelque chose se devient de moi. Oui. [&hellip;]<\/p>\n","protected":false},"author":2,"featured_media":863,"comment_status":"open","ping_status":"open","sticky":false,"template":"","format":"standard","meta":{"activitypub_content_warning":"","activitypub_content_visibility":"","footnotes":""},"categories":[4],"tags":[],"class_list":["post-864","post","type-post","status-publish","format-standard","has-post-thumbnail","hentry","category-91eme-parallele"],"_links":{"self":[{"href":"https:\/\/juliette-cortese.fr\/index.php\/wp-json\/wp\/v2\/posts\/864","targetHints":{"allow":["GET"]}}],"collection":[{"href":"https:\/\/juliette-cortese.fr\/index.php\/wp-json\/wp\/v2\/posts"}],"about":[{"href":"https:\/\/juliette-cortese.fr\/index.php\/wp-json\/wp\/v2\/types\/post"}],"author":[{"embeddable":true,"href":"https:\/\/juliette-cortese.fr\/index.php\/wp-json\/wp\/v2\/users\/2"}],"replies":[{"embeddable":true,"href":"https:\/\/juliette-cortese.fr\/index.php\/wp-json\/wp\/v2\/comments?post=864"}],"version-history":[{"count":1,"href":"https:\/\/juliette-cortese.fr\/index.php\/wp-json\/wp\/v2\/posts\/864\/revisions"}],"predecessor-version":[{"id":917,"href":"https:\/\/juliette-cortese.fr\/index.php\/wp-json\/wp\/v2\/posts\/864\/revisions\/917"}],"wp:featuredmedia":[{"embeddable":true,"href":"https:\/\/juliette-cortese.fr\/index.php\/wp-json\/wp\/v2\/media\/863"}],"wp:attachment":[{"href":"https:\/\/juliette-cortese.fr\/index.php\/wp-json\/wp\/v2\/media?parent=864"}],"wp:term":[{"taxonomy":"category","embeddable":true,"href":"https:\/\/juliette-cortese.fr\/index.php\/wp-json\/wp\/v2\/categories?post=864"},{"taxonomy":"post_tag","embeddable":true,"href":"https:\/\/juliette-cortese.fr\/index.php\/wp-json\/wp\/v2\/tags?post=864"}],"curies":[{"name":"wp","href":"https:\/\/api.w.org\/{rel}","templated":true}]}}