{"id":858,"date":"2023-08-14T08:00:00","date_gmt":"2023-08-14T06:00:00","guid":{"rendered":"https:\/\/juliette-cortese.fr\/?p=858"},"modified":"2023-08-11T01:06:02","modified_gmt":"2023-08-10T23:06:02","slug":"46-juillet-2","status":"publish","type":"post","link":"https:\/\/juliette-cortese.fr\/index.php\/2023\/08\/14\/46-juillet-2\/","title":{"rendered":"45 juillet"},"content":{"rendered":"\n<p>Je suis dans le m\u00eame jour de l&rsquo;ann\u00e9e pr\u00e9c\u00e9dente. Sur les affiches, les expositions ne sont pas les m\u00eames. Rien n&rsquo;est pareil et tout ressemble. Comme les pays sans langue \u00e9trang\u00e8re, o\u00f9 pourtant tout diff\u00e8re imperceptiblement.&nbsp;<\/p>\n\n\n\n<p>Le m\u00eame jour de l&rsquo;ann\u00e9e pr\u00e9c\u00e9dente, tu es encore l\u00e0. Je prends les feuilles mortes en photos, et tu m&rsquo;attends.&nbsp;<\/p>\n\n\n\n<p>Je suis ici sur le parking \u00e0 regarder les feuilles toujours d\u00e9j\u00e0 mortes et les affiches des expositions qui ne sont pas les m\u00eames. Est-ce que tu m&rsquo;attends ?<\/p>\n\n\n\n<p>Tu es encore l\u00e0, peut-\u00eatre \u00e0 m&rsquo;attendre, ou d\u00e9j\u00e0 plus l\u00e0. On ne sait pas comment le temps s&rsquo;\u00e9coule, dans un lit, \u00e0 rebours ou avec de petites cascades f\u00e9roces qui secouent.&nbsp;<\/p>\n\n\n\n<p>Les failles \u00e0 l&rsquo;int\u00e9rieur, les feuilles mortes aussi. Et je me tais sur les regrets.&nbsp;<\/p>\n","protected":false},"excerpt":{"rendered":"<p>46 juillet. Les failles \u00e0 l&rsquo;int\u00e9rieur, les feuilles mortes aussi.<\/p>\n","protected":false},"author":2,"featured_media":857,"comment_status":"open","ping_status":"open","sticky":false,"template":"","format":"standard","meta":{"activitypub_content_warning":"","activitypub_content_visibility":"","footnotes":""},"categories":[4],"tags":[],"class_list":["post-858","post","type-post","status-publish","format-standard","has-post-thumbnail","hentry","category-91eme-parallele"],"_links":{"self":[{"href":"https:\/\/juliette-cortese.fr\/index.php\/wp-json\/wp\/v2\/posts\/858","targetHints":{"allow":["GET"]}}],"collection":[{"href":"https:\/\/juliette-cortese.fr\/index.php\/wp-json\/wp\/v2\/posts"}],"about":[{"href":"https:\/\/juliette-cortese.fr\/index.php\/wp-json\/wp\/v2\/types\/post"}],"author":[{"embeddable":true,"href":"https:\/\/juliette-cortese.fr\/index.php\/wp-json\/wp\/v2\/users\/2"}],"replies":[{"embeddable":true,"href":"https:\/\/juliette-cortese.fr\/index.php\/wp-json\/wp\/v2\/comments?post=858"}],"version-history":[{"count":1,"href":"https:\/\/juliette-cortese.fr\/index.php\/wp-json\/wp\/v2\/posts\/858\/revisions"}],"predecessor-version":[{"id":922,"href":"https:\/\/juliette-cortese.fr\/index.php\/wp-json\/wp\/v2\/posts\/858\/revisions\/922"}],"wp:featuredmedia":[{"embeddable":true,"href":"https:\/\/juliette-cortese.fr\/index.php\/wp-json\/wp\/v2\/media\/857"}],"wp:attachment":[{"href":"https:\/\/juliette-cortese.fr\/index.php\/wp-json\/wp\/v2\/media?parent=858"}],"wp:term":[{"taxonomy":"category","embeddable":true,"href":"https:\/\/juliette-cortese.fr\/index.php\/wp-json\/wp\/v2\/categories?post=858"},{"taxonomy":"post_tag","embeddable":true,"href":"https:\/\/juliette-cortese.fr\/index.php\/wp-json\/wp\/v2\/tags?post=858"}],"curies":[{"name":"wp","href":"https:\/\/api.w.org\/{rel}","templated":true}]}}