{"id":856,"date":"2023-08-15T08:00:00","date_gmt":"2023-08-15T06:00:00","guid":{"rendered":"https:\/\/juliette-cortese.fr\/?p=856"},"modified":"2023-08-14T22:41:44","modified_gmt":"2023-08-14T20:41:44","slug":"46-juillet","status":"publish","type":"post","link":"https:\/\/juliette-cortese.fr\/index.php\/2023\/08\/15\/46-juillet\/","title":{"rendered":"46 juillet"},"content":{"rendered":"\n<p>Cette nuit j&rsquo;ai r\u00eav\u00e9 que j&rsquo;avais des seins. Un homme, derri\u00e8re moi, les tenait dans ses mains, les caressait. C&rsquo;\u00e9tait agr\u00e9able. C&rsquo;\u00e9tait peut-\u00eatre moi, l&rsquo;homme.<\/p>\n\n\n\n<p>Vue d&rsquo;en haut, la treille est aussi emm\u00eal\u00e9e que le dedans. C&rsquo;est-\u00e0-dire que mon esprit ni le monde ne produisent spontan\u00e9ment du sens. Quelque chose se produit, mon exp\u00e9rience se passe, mais qu&rsquo;est-ce qui se devient de moi ? Je ne fais plus un tout, je ne suis pas non plus les morceaux \u00e9pars.<\/p>\n\n\n\n<p>A ce stade, je ne deviens de moi que verbalement, sous le feuillage. Ce sont les seules oreilles de la femme rousse au tailleur blanc qui m&rsquo;adviennent. Ce que j&rsquo;adresse de parole d\u00e9pourvue d&rsquo;horizon, de sens, de solidit\u00e9, mon verbe fondu et entendu par elle me devient de moi.&nbsp;<\/p>\n","protected":false},"excerpt":{"rendered":"<p>Cette nuit j&rsquo;ai r\u00eav\u00e9 que j&rsquo;avais des seins. Un homme, derri\u00e8re moi, les tenait dans ses mains, les caressait. C&rsquo;\u00e9tait agr\u00e9able. C&rsquo;\u00e9tait peut-\u00eatre moi, l&rsquo;homme. Vue d&rsquo;en haut, la treille est aussi emm\u00eal\u00e9e que le dedans. C&rsquo;est-\u00e0-dire que mon esprit ni le monde ne produisent spontan\u00e9ment du sens. Quelque chose se produit, mon exp\u00e9rience se [&hellip;]<\/p>\n","protected":false},"author":2,"featured_media":855,"comment_status":"open","ping_status":"open","sticky":false,"template":"","format":"standard","meta":{"activitypub_content_warning":"","activitypub_content_visibility":"","footnotes":""},"categories":[4],"tags":[],"class_list":["post-856","post","type-post","status-publish","format-standard","has-post-thumbnail","hentry","category-91eme-parallele"],"_links":{"self":[{"href":"https:\/\/juliette-cortese.fr\/index.php\/wp-json\/wp\/v2\/posts\/856","targetHints":{"allow":["GET"]}}],"collection":[{"href":"https:\/\/juliette-cortese.fr\/index.php\/wp-json\/wp\/v2\/posts"}],"about":[{"href":"https:\/\/juliette-cortese.fr\/index.php\/wp-json\/wp\/v2\/types\/post"}],"author":[{"embeddable":true,"href":"https:\/\/juliette-cortese.fr\/index.php\/wp-json\/wp\/v2\/users\/2"}],"replies":[{"embeddable":true,"href":"https:\/\/juliette-cortese.fr\/index.php\/wp-json\/wp\/v2\/comments?post=856"}],"version-history":[{"count":4,"href":"https:\/\/juliette-cortese.fr\/index.php\/wp-json\/wp\/v2\/posts\/856\/revisions"}],"predecessor-version":[{"id":929,"href":"https:\/\/juliette-cortese.fr\/index.php\/wp-json\/wp\/v2\/posts\/856\/revisions\/929"}],"wp:featuredmedia":[{"embeddable":true,"href":"https:\/\/juliette-cortese.fr\/index.php\/wp-json\/wp\/v2\/media\/855"}],"wp:attachment":[{"href":"https:\/\/juliette-cortese.fr\/index.php\/wp-json\/wp\/v2\/media?parent=856"}],"wp:term":[{"taxonomy":"category","embeddable":true,"href":"https:\/\/juliette-cortese.fr\/index.php\/wp-json\/wp\/v2\/categories?post=856"},{"taxonomy":"post_tag","embeddable":true,"href":"https:\/\/juliette-cortese.fr\/index.php\/wp-json\/wp\/v2\/tags?post=856"}],"curies":[{"name":"wp","href":"https:\/\/api.w.org\/{rel}","templated":true}]}}