{"id":852,"date":"2023-08-18T08:00:00","date_gmt":"2023-08-18T06:00:00","guid":{"rendered":"https:\/\/juliette-cortese.fr\/?p=852"},"modified":"2023-08-18T07:55:07","modified_gmt":"2023-08-18T05:55:07","slug":"48-juillet","status":"publish","type":"post","link":"https:\/\/juliette-cortese.fr\/index.php\/2023\/08\/18\/48-juillet\/","title":{"rendered":"49 juillet"},"content":{"rendered":"\n<p>Je ne sais plus ce qui fait de moi qui je suis. Je suis sur un plan inclin\u00e9 qui penche de plus en plus. Ce n&rsquo;est pourtant pas si terrible, des jambes de femme. On pourrait croire que \u00e7a ne change rien. Ou presque rien. Mais \u00e7a me secoue, une vibration, l&rsquo;int\u00e9rieur de moi penche dangereusement. J&rsquo;ai un vertige d&rsquo;identit\u00e9. Tranchant comme une lame d\u2019int\u00e9rieur. \u00c7a coupe.<\/p>\n\n\n\n<p>Je suis un chewing-gum congel\u00e9, un morceau qu&rsquo;on casse. Je me donne et jamais ne brise quiconque.&nbsp;<\/p>\n\n\n\n<p>Si tu \u00e9tais l\u00e0, tu saurais dire pourquoi on me secoue. Mais tu n\u2019es plus, disparue, enlev\u00e9e, effac\u00e9e, bruyamment absente.\u00a0<\/p>\n\n\n\n<p>Et je n&rsquo;ai pas fait provision des chaleurs.<\/p>\n","protected":false},"excerpt":{"rendered":"<p>Je ne sais plus ce qui fait de moi qui je suis. Je suis sur un plan inclin\u00e9 qui penche de plus en plus. Ce n&rsquo;est pourtant pas si terrible, des jambes de femme. On pourrait croire que \u00e7a ne change rien. Ou presque rien. Mais \u00e7a me secoue, une vibration, l&rsquo;int\u00e9rieur de moi penche [&hellip;]<\/p>\n","protected":false},"author":2,"featured_media":851,"comment_status":"open","ping_status":"open","sticky":false,"template":"","format":"standard","meta":{"activitypub_content_warning":"","activitypub_content_visibility":"","footnotes":""},"categories":[4],"tags":[],"class_list":["post-852","post","type-post","status-publish","format-standard","has-post-thumbnail","hentry","category-91eme-parallele"],"_links":{"self":[{"href":"https:\/\/juliette-cortese.fr\/index.php\/wp-json\/wp\/v2\/posts\/852","targetHints":{"allow":["GET"]}}],"collection":[{"href":"https:\/\/juliette-cortese.fr\/index.php\/wp-json\/wp\/v2\/posts"}],"about":[{"href":"https:\/\/juliette-cortese.fr\/index.php\/wp-json\/wp\/v2\/types\/post"}],"author":[{"embeddable":true,"href":"https:\/\/juliette-cortese.fr\/index.php\/wp-json\/wp\/v2\/users\/2"}],"replies":[{"embeddable":true,"href":"https:\/\/juliette-cortese.fr\/index.php\/wp-json\/wp\/v2\/comments?post=852"}],"version-history":[{"count":5,"href":"https:\/\/juliette-cortese.fr\/index.php\/wp-json\/wp\/v2\/posts\/852\/revisions"}],"predecessor-version":[{"id":936,"href":"https:\/\/juliette-cortese.fr\/index.php\/wp-json\/wp\/v2\/posts\/852\/revisions\/936"}],"wp:featuredmedia":[{"embeddable":true,"href":"https:\/\/juliette-cortese.fr\/index.php\/wp-json\/wp\/v2\/media\/851"}],"wp:attachment":[{"href":"https:\/\/juliette-cortese.fr\/index.php\/wp-json\/wp\/v2\/media?parent=852"}],"wp:term":[{"taxonomy":"category","embeddable":true,"href":"https:\/\/juliette-cortese.fr\/index.php\/wp-json\/wp\/v2\/categories?post=852"},{"taxonomy":"post_tag","embeddable":true,"href":"https:\/\/juliette-cortese.fr\/index.php\/wp-json\/wp\/v2\/tags?post=852"}],"curies":[{"name":"wp","href":"https:\/\/api.w.org\/{rel}","templated":true}]}}