{"id":667,"date":"2023-07-15T08:00:53","date_gmt":"2023-07-15T06:00:53","guid":{"rendered":"https:\/\/juliette-cortese.fr\/?p=667"},"modified":"2023-07-12T05:52:36","modified_gmt":"2023-07-12T03:52:36","slug":"45-juin","status":"publish","type":"post","link":"https:\/\/juliette-cortese.fr\/index.php\/2023\/07\/15\/45-juin\/","title":{"rendered":"45 juin"},"content":{"rendered":"\n<p>L&rsquo;\u00e9t\u00e9 pesait, on \u00e9tait noirs et moites et chauff\u00e9s \u00e0 blanc.&nbsp;<\/p>\n\n\n\n<p>L&rsquo;\u00e9t\u00e9 pesait, ses lourdes \u00e9paules appuyaient nos sommeils. On siestait sans fin derri\u00e8re des persiennes, pour les rayons d\u00e9coup\u00e9s.\u00a0<\/p>\n\n\n\n<p>L&rsquo;\u00e9t\u00e9 pesait, sans orage ni crevaison de nuage. Tous autant humains qu&rsquo;\u00e9lectriques, on ployait sous la langueur bleue du ciel.<\/p>\n","protected":false},"excerpt":{"rendered":"<p>L&rsquo;\u00e9t\u00e9 pesait, on \u00e9tait noirs et moites et chauff\u00e9s \u00e0 blanc.&nbsp; L&rsquo;\u00e9t\u00e9 pesait, ses lourdes \u00e9paules appuyaient nos sommeils. On siestait sans fin derri\u00e8re des persiennes, pour les rayons d\u00e9coup\u00e9s.\u00a0 L&rsquo;\u00e9t\u00e9 pesait, sans orage ni crevaison de nuage. Tous autant humains qu&rsquo;\u00e9lectriques, on ployait sous la langueur bleue du ciel.<\/p>\n","protected":false},"author":2,"featured_media":666,"comment_status":"open","ping_status":"open","sticky":false,"template":"","format":"standard","meta":{"activitypub_content_warning":"","activitypub_content_visibility":"","footnotes":""},"categories":[4],"tags":[],"class_list":["post-667","post","type-post","status-publish","format-standard","has-post-thumbnail","hentry","category-91eme-parallele"],"_links":{"self":[{"href":"https:\/\/juliette-cortese.fr\/index.php\/wp-json\/wp\/v2\/posts\/667","targetHints":{"allow":["GET"]}}],"collection":[{"href":"https:\/\/juliette-cortese.fr\/index.php\/wp-json\/wp\/v2\/posts"}],"about":[{"href":"https:\/\/juliette-cortese.fr\/index.php\/wp-json\/wp\/v2\/types\/post"}],"author":[{"embeddable":true,"href":"https:\/\/juliette-cortese.fr\/index.php\/wp-json\/wp\/v2\/users\/2"}],"replies":[{"embeddable":true,"href":"https:\/\/juliette-cortese.fr\/index.php\/wp-json\/wp\/v2\/comments?post=667"}],"version-history":[{"count":3,"href":"https:\/\/juliette-cortese.fr\/index.php\/wp-json\/wp\/v2\/posts\/667\/revisions"}],"predecessor-version":[{"id":782,"href":"https:\/\/juliette-cortese.fr\/index.php\/wp-json\/wp\/v2\/posts\/667\/revisions\/782"}],"wp:featuredmedia":[{"embeddable":true,"href":"https:\/\/juliette-cortese.fr\/index.php\/wp-json\/wp\/v2\/media\/666"}],"wp:attachment":[{"href":"https:\/\/juliette-cortese.fr\/index.php\/wp-json\/wp\/v2\/media?parent=667"}],"wp:term":[{"taxonomy":"category","embeddable":true,"href":"https:\/\/juliette-cortese.fr\/index.php\/wp-json\/wp\/v2\/categories?post=667"},{"taxonomy":"post_tag","embeddable":true,"href":"https:\/\/juliette-cortese.fr\/index.php\/wp-json\/wp\/v2\/tags?post=667"}],"curies":[{"name":"wp","href":"https:\/\/api.w.org\/{rel}","templated":true}]}}