{"id":663,"date":"2023-07-17T08:00:49","date_gmt":"2023-07-17T06:00:49","guid":{"rendered":"https:\/\/juliette-cortese.fr\/?p=663"},"modified":"2023-07-13T09:23:15","modified_gmt":"2023-07-13T07:23:15","slug":"47-juin","status":"publish","type":"post","link":"https:\/\/juliette-cortese.fr\/index.php\/2023\/07\/17\/47-juin\/","title":{"rendered":"47 juin"},"content":{"rendered":"\n<p>J&rsquo;ai remarqu\u00e9 que les gens commencent \u00e0 vieillir par la nuque. Ils se tiennent ainsi, continuent \u00e0 lever le regard, conserver une dignit\u00e9 droite tandis que d\u00e9j\u00e0 le corps s&rsquo;affaisse, qu&rsquo;une bosse se forme en haut du dos ; et \u00e7a cr\u00e9e un pli rouge, une ride de nuque, qui indique mieux que personne l&rsquo;\u00e2ge d&rsquo;une peau, d&rsquo;un cou.&nbsp;<\/p>\n\n\n\n<p>Avec le temps, le pli devient gris. J&rsquo;en aurai un, bient\u00f4t, sans doute. Rouge comme les jeunes vieux.&nbsp;<\/p>\n\n\n\n<p>J&rsquo;ai vu une grand-m\u00e8re, une tante. J&rsquo;ai fouin\u00e9 dans des couloirs pour retrouver des odeurs de tisanes, le froid des escaliers en pierre sous mes fesses.<\/p>\n\n\n\n<p>Cherche-toi dans les maisons du pass\u00e9, m&rsquo;a chuchot\u00e9 la souris.<\/p>\n","protected":false},"excerpt":{"rendered":"<p>J&rsquo;ai remarqu\u00e9 que les gens commencent \u00e0 vieillir par la nuque. Ils se tiennent ainsi, continuent \u00e0 lever le regard, conserver une dignit\u00e9 droite tandis que d\u00e9j\u00e0 le corps s&rsquo;affaisse, qu&rsquo;une bosse se forme en haut du dos ; et \u00e7a cr\u00e9e un pli rouge, une ride de nuque, qui indique mieux que personne l&rsquo;\u00e2ge [&hellip;]<\/p>\n","protected":false},"author":2,"featured_media":662,"comment_status":"open","ping_status":"open","sticky":false,"template":"","format":"standard","meta":{"activitypub_content_warning":"","activitypub_content_visibility":"","footnotes":""},"categories":[4],"tags":[],"class_list":["post-663","post","type-post","status-publish","format-standard","has-post-thumbnail","hentry","category-91eme-parallele"],"_links":{"self":[{"href":"https:\/\/juliette-cortese.fr\/index.php\/wp-json\/wp\/v2\/posts\/663","targetHints":{"allow":["GET"]}}],"collection":[{"href":"https:\/\/juliette-cortese.fr\/index.php\/wp-json\/wp\/v2\/posts"}],"about":[{"href":"https:\/\/juliette-cortese.fr\/index.php\/wp-json\/wp\/v2\/types\/post"}],"author":[{"embeddable":true,"href":"https:\/\/juliette-cortese.fr\/index.php\/wp-json\/wp\/v2\/users\/2"}],"replies":[{"embeddable":true,"href":"https:\/\/juliette-cortese.fr\/index.php\/wp-json\/wp\/v2\/comments?post=663"}],"version-history":[{"count":2,"href":"https:\/\/juliette-cortese.fr\/index.php\/wp-json\/wp\/v2\/posts\/663\/revisions"}],"predecessor-version":[{"id":784,"href":"https:\/\/juliette-cortese.fr\/index.php\/wp-json\/wp\/v2\/posts\/663\/revisions\/784"}],"wp:featuredmedia":[{"embeddable":true,"href":"https:\/\/juliette-cortese.fr\/index.php\/wp-json\/wp\/v2\/media\/662"}],"wp:attachment":[{"href":"https:\/\/juliette-cortese.fr\/index.php\/wp-json\/wp\/v2\/media?parent=663"}],"wp:term":[{"taxonomy":"category","embeddable":true,"href":"https:\/\/juliette-cortese.fr\/index.php\/wp-json\/wp\/v2\/categories?post=663"},{"taxonomy":"post_tag","embeddable":true,"href":"https:\/\/juliette-cortese.fr\/index.php\/wp-json\/wp\/v2\/tags?post=663"}],"curies":[{"name":"wp","href":"https:\/\/api.w.org\/{rel}","templated":true}]}}