{"id":438,"date":"2023-05-23T08:00:18","date_gmt":"2023-05-23T06:00:18","guid":{"rendered":"https:\/\/juliette-cortese.fr\/?p=438"},"modified":"2023-05-22T22:07:48","modified_gmt":"2023-05-22T20:07:48","slug":"53-avril","status":"publish","type":"post","link":"https:\/\/juliette-cortese.fr\/index.php\/2023\/05\/23\/53-avril\/","title":{"rendered":"53 avril"},"content":{"rendered":"\n<p><strong>Longtemps mes pieds regarderaient le jardin.<\/strong> Ce n&rsquo;est pas tout \u00e0 fait une figure de style. Mes orteils ont un angle de vision meilleur que le mien. Ils voient l&rsquo;herbe haute au pied de l&rsquo;arbre, le cafard qui opine sur le trottoir, ils attrapent d&rsquo;autres reflets dans les flaques, ceux que je ne vois jamais. En v\u00e9rit\u00e9 je ne vois pas grand chose. Je me d\u00e9place pour compenser. Mes pieds sont l\u00e0, au bout de mes jambes, \u00e0 regarder devant, leurs yeux cr\u00e9pitent comme des fleurs de bitume. Ils ont leurs interstices d&rsquo;orteils, ils ont leur existence, leurs conflits, leurs d\u00e9sespoirs passagers, leurs paradoxes qui les tenaillent. Ils restent l\u00e0. Ils me tiennent.\u00a0<\/p>\n","protected":false},"excerpt":{"rendered":"<p>Longtemps mes pieds regarderaient le jardin. Ce n&rsquo;est pas tout \u00e0 fait une figure de style. Mes orteils ont un angle de vision meilleur que le mien. Ils voient l&rsquo;herbe haute au pied de l&rsquo;arbre, le cafard qui opine sur le trottoir, ils attrapent d&rsquo;autres reflets dans les flaques, ceux que je ne vois jamais. [&hellip;]<\/p>\n","protected":false},"author":2,"featured_media":437,"comment_status":"open","ping_status":"open","sticky":false,"template":"","format":"standard","meta":{"activitypub_content_warning":"","activitypub_content_visibility":"","footnotes":""},"categories":[4],"tags":[],"class_list":["post-438","post","type-post","status-publish","format-standard","has-post-thumbnail","hentry","category-91eme-parallele"],"_links":{"self":[{"href":"https:\/\/juliette-cortese.fr\/index.php\/wp-json\/wp\/v2\/posts\/438","targetHints":{"allow":["GET"]}}],"collection":[{"href":"https:\/\/juliette-cortese.fr\/index.php\/wp-json\/wp\/v2\/posts"}],"about":[{"href":"https:\/\/juliette-cortese.fr\/index.php\/wp-json\/wp\/v2\/types\/post"}],"author":[{"embeddable":true,"href":"https:\/\/juliette-cortese.fr\/index.php\/wp-json\/wp\/v2\/users\/2"}],"replies":[{"embeddable":true,"href":"https:\/\/juliette-cortese.fr\/index.php\/wp-json\/wp\/v2\/comments?post=438"}],"version-history":[{"count":5,"href":"https:\/\/juliette-cortese.fr\/index.php\/wp-json\/wp\/v2\/posts\/438\/revisions"}],"predecessor-version":[{"id":571,"href":"https:\/\/juliette-cortese.fr\/index.php\/wp-json\/wp\/v2\/posts\/438\/revisions\/571"}],"wp:featuredmedia":[{"embeddable":true,"href":"https:\/\/juliette-cortese.fr\/index.php\/wp-json\/wp\/v2\/media\/437"}],"wp:attachment":[{"href":"https:\/\/juliette-cortese.fr\/index.php\/wp-json\/wp\/v2\/media?parent=438"}],"wp:term":[{"taxonomy":"category","embeddable":true,"href":"https:\/\/juliette-cortese.fr\/index.php\/wp-json\/wp\/v2\/categories?post=438"},{"taxonomy":"post_tag","embeddable":true,"href":"https:\/\/juliette-cortese.fr\/index.php\/wp-json\/wp\/v2\/tags?post=438"}],"curies":[{"name":"wp","href":"https:\/\/api.w.org\/{rel}","templated":true}]}}