{"id":426,"date":"2023-05-29T08:00:00","date_gmt":"2023-05-29T06:00:00","guid":{"rendered":"https:\/\/juliette-cortese.fr\/?p=426"},"modified":"2023-05-29T17:28:54","modified_gmt":"2023-05-29T15:28:54","slug":"59-avril","status":"publish","type":"post","link":"https:\/\/juliette-cortese.fr\/index.php\/2023\/05\/29\/59-avril\/","title":{"rendered":"59 avril"},"content":{"rendered":"\n<p>On marchait dans la for\u00eat du m\u00eame jour. Les ombres toujours cruelles, d\u00e9coup\u00e9es par l&rsquo;aigu de la lumi\u00e8re. J&rsquo;ai pos\u00e9 ma main je ne sais plus o\u00f9. Il y a eu ce fr\u00e9missement, et plus rien. Le corps que j&rsquo;aimais avait disparu. J&rsquo;y \u00e9tais pour quelque chose. C&rsquo;est flou. Je me souviens seulement du silence. <strong>Les arbres disparus, la for\u00eat en all\u00e9e, les b\u00fbcherons invisibles, le bois.<\/strong> J&rsquo;\u00e9tais \u00e9chou\u00e9, animal errant, tas de sable.<\/p>\n","protected":false},"excerpt":{"rendered":"<p>On marchait dans la for\u00eat du m\u00eame jour. Les ombres toujours cruelles, d\u00e9coup\u00e9es par l&rsquo;aigu de la lumi\u00e8re. J&rsquo;ai pos\u00e9 ma main je ne sais plus o\u00f9. Il y a eu ce fr\u00e9missement, et plus rien. Le corps que j&rsquo;aimais avait disparu. J&rsquo;y \u00e9tais pour quelque chose. C&rsquo;est flou. Je me souviens seulement du silence. [&hellip;]<\/p>\n","protected":false},"author":2,"featured_media":425,"comment_status":"open","ping_status":"open","sticky":false,"template":"","format":"standard","meta":{"activitypub_content_warning":"","activitypub_content_visibility":"","footnotes":""},"categories":[4],"tags":[],"class_list":["post-426","post","type-post","status-publish","format-standard","has-post-thumbnail","hentry","category-91eme-parallele"],"_links":{"self":[{"href":"https:\/\/juliette-cortese.fr\/index.php\/wp-json\/wp\/v2\/posts\/426","targetHints":{"allow":["GET"]}}],"collection":[{"href":"https:\/\/juliette-cortese.fr\/index.php\/wp-json\/wp\/v2\/posts"}],"about":[{"href":"https:\/\/juliette-cortese.fr\/index.php\/wp-json\/wp\/v2\/types\/post"}],"author":[{"embeddable":true,"href":"https:\/\/juliette-cortese.fr\/index.php\/wp-json\/wp\/v2\/users\/2"}],"replies":[{"embeddable":true,"href":"https:\/\/juliette-cortese.fr\/index.php\/wp-json\/wp\/v2\/comments?post=426"}],"version-history":[{"count":2,"href":"https:\/\/juliette-cortese.fr\/index.php\/wp-json\/wp\/v2\/posts\/426\/revisions"}],"predecessor-version":[{"id":583,"href":"https:\/\/juliette-cortese.fr\/index.php\/wp-json\/wp\/v2\/posts\/426\/revisions\/583"}],"wp:featuredmedia":[{"embeddable":true,"href":"https:\/\/juliette-cortese.fr\/index.php\/wp-json\/wp\/v2\/media\/425"}],"wp:attachment":[{"href":"https:\/\/juliette-cortese.fr\/index.php\/wp-json\/wp\/v2\/media?parent=426"}],"wp:term":[{"taxonomy":"category","embeddable":true,"href":"https:\/\/juliette-cortese.fr\/index.php\/wp-json\/wp\/v2\/categories?post=426"},{"taxonomy":"post_tag","embeddable":true,"href":"https:\/\/juliette-cortese.fr\/index.php\/wp-json\/wp\/v2\/tags?post=426"}],"curies":[{"name":"wp","href":"https:\/\/api.w.org\/{rel}","templated":true}]}}