{"id":418,"date":"2023-06-02T08:00:00","date_gmt":"2023-06-02T06:00:00","guid":{"rendered":"https:\/\/juliette-cortese.fr\/?p=418"},"modified":"2023-05-29T17:30:34","modified_gmt":"2023-05-29T15:30:34","slug":"33-mai","status":"publish","type":"post","link":"https:\/\/juliette-cortese.fr\/index.php\/2023\/06\/02\/33-mai\/","title":{"rendered":"33 mai"},"content":{"rendered":"\n<p>Un jour, elle m&rsquo;avait \u00e9crit. Avec une photo. <\/p>\n\n\n\n<p><em>\u00ab\u00a0<strong>(Rare) Portrait de pieds \u00e0 l&rsquo;heure du repos de la guerri\u00e8re.<\/strong>\u00ab\u00a0<\/em><\/p>\n\n\n\n<p>J&rsquo;avais pris \u00e7a pour moi. Pour un message de confiance, une marque de complicit\u00e9.<\/p>\n\n\n\n<p>Pour une fois ses pieds \u00e9taient immobiles. On pouvait les voir respirer, sur la photo. J&rsquo;avais l&rsquo;impression d&rsquo;assister \u00e0 la fraye des chevreuils. Quelque chose de rare. Un \u00e9v\u00e9nement de la nature.&nbsp;<\/p>\n\n\n\n<p>Ce n&rsquo;\u00e9tait rien d&rsquo;autre qu&rsquo;une photo de ses pieds.&nbsp;<\/p>\n","protected":false},"excerpt":{"rendered":"<p>Un jour, elle m&rsquo;avait \u00e9crit. Avec une photo. \u00ab\u00a0(Rare) Portrait de pieds \u00e0 l&rsquo;heure du repos de la guerri\u00e8re.\u00ab\u00a0 J&rsquo;avais pris \u00e7a pour moi. Pour un message de confiance, une marque de complicit\u00e9. Pour une fois ses pieds \u00e9taient immobiles. On pouvait les voir respirer, sur la photo. J&rsquo;avais l&rsquo;impression d&rsquo;assister \u00e0 la fraye des [&hellip;]<\/p>\n","protected":false},"author":2,"featured_media":417,"comment_status":"open","ping_status":"open","sticky":false,"template":"","format":"standard","meta":{"activitypub_content_warning":"","activitypub_content_visibility":"","footnotes":""},"categories":[4],"tags":[],"class_list":["post-418","post","type-post","status-publish","format-standard","has-post-thumbnail","hentry","category-91eme-parallele"],"_links":{"self":[{"href":"https:\/\/juliette-cortese.fr\/index.php\/wp-json\/wp\/v2\/posts\/418","targetHints":{"allow":["GET"]}}],"collection":[{"href":"https:\/\/juliette-cortese.fr\/index.php\/wp-json\/wp\/v2\/posts"}],"about":[{"href":"https:\/\/juliette-cortese.fr\/index.php\/wp-json\/wp\/v2\/types\/post"}],"author":[{"embeddable":true,"href":"https:\/\/juliette-cortese.fr\/index.php\/wp-json\/wp\/v2\/users\/2"}],"replies":[{"embeddable":true,"href":"https:\/\/juliette-cortese.fr\/index.php\/wp-json\/wp\/v2\/comments?post=418"}],"version-history":[{"count":3,"href":"https:\/\/juliette-cortese.fr\/index.php\/wp-json\/wp\/v2\/posts\/418\/revisions"}],"predecessor-version":[{"id":587,"href":"https:\/\/juliette-cortese.fr\/index.php\/wp-json\/wp\/v2\/posts\/418\/revisions\/587"}],"wp:featuredmedia":[{"embeddable":true,"href":"https:\/\/juliette-cortese.fr\/index.php\/wp-json\/wp\/v2\/media\/417"}],"wp:attachment":[{"href":"https:\/\/juliette-cortese.fr\/index.php\/wp-json\/wp\/v2\/media?parent=418"}],"wp:term":[{"taxonomy":"category","embeddable":true,"href":"https:\/\/juliette-cortese.fr\/index.php\/wp-json\/wp\/v2\/categories?post=418"},{"taxonomy":"post_tag","embeddable":true,"href":"https:\/\/juliette-cortese.fr\/index.php\/wp-json\/wp\/v2\/tags?post=418"}],"curies":[{"name":"wp","href":"https:\/\/api.w.org\/{rel}","templated":true}]}}