{"id":398,"date":"2023-06-12T08:00:15","date_gmt":"2023-06-12T06:00:15","guid":{"rendered":"https:\/\/juliette-cortese.fr\/?p=398"},"modified":"2023-06-08T12:54:40","modified_gmt":"2023-06-08T10:54:40","slug":"43-mai","status":"publish","type":"post","link":"https:\/\/juliette-cortese.fr\/index.php\/2023\/06\/12\/43-mai\/","title":{"rendered":"43 mai"},"content":{"rendered":"\n<p>Les jours ne sont jamais calmes. Il y a un cadavre de mouche dans la salle de bain. Est-ce que c&rsquo;est une mouche ? Est-ce que les cadavres sont encore ce qu&rsquo;ils sont ? Le cadavre de ma m\u00e8re n&rsquo;est pas ma m\u00e8re.\u00a0 Les jours ne sont jamais calmes. Un nuage devient de la couleur de l&rsquo;eau. Une pie n&rsquo;a plus de queue. Les jours ne sont jamais calmes. <strong>Le ciel ni cl\u00e9ment ni ogre, seulement chaud et \u00e9pais.<\/strong> Sur le sol il y a une tortue \u00e0 m\u00e2cher pour un b\u00e9b\u00e9. Le b\u00e9b\u00e9 n&rsquo;est pas l\u00e0. Il ne m\u00e2che plus. C&rsquo;est sale, par terre. Sa m\u00e8re non plus.\u00a0<\/p>\n","protected":false},"excerpt":{"rendered":"<p>Les jours ne sont jamais calmes. Il y a un cadavre de mouche dans la salle de bain. Est-ce que c&rsquo;est une mouche ? Est-ce que les cadavres sont encore ce qu&rsquo;ils sont ? Le cadavre de ma m\u00e8re n&rsquo;est pas ma m\u00e8re.\u00a0 Les jours ne sont jamais calmes. Un nuage devient de la couleur [&hellip;]<\/p>\n","protected":false},"author":2,"featured_media":397,"comment_status":"open","ping_status":"open","sticky":false,"template":"","format":"standard","meta":{"activitypub_content_warning":"","activitypub_content_visibility":"","footnotes":""},"categories":[4],"tags":[],"class_list":["post-398","post","type-post","status-publish","format-standard","has-post-thumbnail","hentry","category-91eme-parallele"],"_links":{"self":[{"href":"https:\/\/juliette-cortese.fr\/index.php\/wp-json\/wp\/v2\/posts\/398","targetHints":{"allow":["GET"]}}],"collection":[{"href":"https:\/\/juliette-cortese.fr\/index.php\/wp-json\/wp\/v2\/posts"}],"about":[{"href":"https:\/\/juliette-cortese.fr\/index.php\/wp-json\/wp\/v2\/types\/post"}],"author":[{"embeddable":true,"href":"https:\/\/juliette-cortese.fr\/index.php\/wp-json\/wp\/v2\/users\/2"}],"replies":[{"embeddable":true,"href":"https:\/\/juliette-cortese.fr\/index.php\/wp-json\/wp\/v2\/comments?post=398"}],"version-history":[{"count":3,"href":"https:\/\/juliette-cortese.fr\/index.php\/wp-json\/wp\/v2\/posts\/398\/revisions"}],"predecessor-version":[{"id":608,"href":"https:\/\/juliette-cortese.fr\/index.php\/wp-json\/wp\/v2\/posts\/398\/revisions\/608"}],"wp:featuredmedia":[{"embeddable":true,"href":"https:\/\/juliette-cortese.fr\/index.php\/wp-json\/wp\/v2\/media\/397"}],"wp:attachment":[{"href":"https:\/\/juliette-cortese.fr\/index.php\/wp-json\/wp\/v2\/media?parent=398"}],"wp:term":[{"taxonomy":"category","embeddable":true,"href":"https:\/\/juliette-cortese.fr\/index.php\/wp-json\/wp\/v2\/categories?post=398"},{"taxonomy":"post_tag","embeddable":true,"href":"https:\/\/juliette-cortese.fr\/index.php\/wp-json\/wp\/v2\/tags?post=398"}],"curies":[{"name":"wp","href":"https:\/\/api.w.org\/{rel}","templated":true}]}}