{"id":396,"date":"2023-06-13T08:00:00","date_gmt":"2023-06-13T06:00:00","guid":{"rendered":"https:\/\/juliette-cortese.fr\/?p=396"},"modified":"2023-06-12T09:56:31","modified_gmt":"2023-06-12T07:56:31","slug":"44-mai-2","status":"publish","type":"post","link":"https:\/\/juliette-cortese.fr\/index.php\/2023\/06\/13\/44-mai-2\/","title":{"rendered":"44 mai"},"content":{"rendered":"\n<p>Quand peu \u00e0 peu les jours calmes me jettent au dehors, je me sens appartenir. Je fais partie de l\u2019\u00e9poque. Je suis parmi mes contemporains. Je regarde le monde qui se d\u00e9lite un peu : il se tortille dans ses contradictions comme un lombric sur le bitume. C\u2019est l\u2019image de ce moment o\u00f9 l\u2019on commence \u00e0 voir vers quoi on s\u2019achemine.\u00a0<\/p>\n\n\n\n<p>Alors \u00e7a paraissait soudain comme une urgence. Une longue urgence souterraine, que personne n\u2019avait beaucoup voulu savoir, mais qui \u00e9tait l\u00e0. Maintenant on tentait des choses sans espoir et sans coh\u00e9rence. Certains pour dire qu\u2019ils avaient fait quelque chose, d\u2019autres pour se soulager, mieux dormir. Je ne voyais pas le sens, chacun avait l\u2019air de tenter de sauver ce qui pouvait l\u2019\u00eatre, au pouvoir beaucoup n\u2019\u00e9taient pas sinc\u00e8res, ici dans le peuple nombreux \u00e9taient ceux qui d\u00e9j\u00e0 mourraient \u00e0 petit feu d\u2019inqui\u00e9tude, ailleurs et plus loin les gens ne mourraient pas d\u2019inqui\u00e9tude mais des effets de la catastrophe d\u00e9j\u00e0 plus qu\u2019annonc\u00e9e. <strong>L&rsquo;\u00e9poque voulait faire front, qui savait contre quoi.<\/strong> Moi j\u2019avais peur, et je voulais partir, mais je n\u2019avais nulle part.<\/p>\n","protected":false},"excerpt":{"rendered":"<p>Quand peu \u00e0 peu les jours calmes me jettent au dehors, je me sens appartenir. Je fais partie de l\u2019\u00e9poque. Je suis parmi mes contemporains. Je regarde le monde qui se d\u00e9lite un peu : il se tortille dans ses contradictions comme un lombric sur le bitume. C\u2019est l\u2019image de ce moment o\u00f9 l\u2019on commence [&hellip;]<\/p>\n","protected":false},"author":2,"featured_media":395,"comment_status":"open","ping_status":"open","sticky":false,"template":"","format":"standard","meta":{"activitypub_content_warning":"","activitypub_content_visibility":"","footnotes":""},"categories":[4],"tags":[],"class_list":["post-396","post","type-post","status-publish","format-standard","has-post-thumbnail","hentry","category-91eme-parallele"],"_links":{"self":[{"href":"https:\/\/juliette-cortese.fr\/index.php\/wp-json\/wp\/v2\/posts\/396","targetHints":{"allow":["GET"]}}],"collection":[{"href":"https:\/\/juliette-cortese.fr\/index.php\/wp-json\/wp\/v2\/posts"}],"about":[{"href":"https:\/\/juliette-cortese.fr\/index.php\/wp-json\/wp\/v2\/types\/post"}],"author":[{"embeddable":true,"href":"https:\/\/juliette-cortese.fr\/index.php\/wp-json\/wp\/v2\/users\/2"}],"replies":[{"embeddable":true,"href":"https:\/\/juliette-cortese.fr\/index.php\/wp-json\/wp\/v2\/comments?post=396"}],"version-history":[{"count":1,"href":"https:\/\/juliette-cortese.fr\/index.php\/wp-json\/wp\/v2\/posts\/396\/revisions"}],"predecessor-version":[{"id":616,"href":"https:\/\/juliette-cortese.fr\/index.php\/wp-json\/wp\/v2\/posts\/396\/revisions\/616"}],"wp:featuredmedia":[{"embeddable":true,"href":"https:\/\/juliette-cortese.fr\/index.php\/wp-json\/wp\/v2\/media\/395"}],"wp:attachment":[{"href":"https:\/\/juliette-cortese.fr\/index.php\/wp-json\/wp\/v2\/media?parent=396"}],"wp:term":[{"taxonomy":"category","embeddable":true,"href":"https:\/\/juliette-cortese.fr\/index.php\/wp-json\/wp\/v2\/categories?post=396"},{"taxonomy":"post_tag","embeddable":true,"href":"https:\/\/juliette-cortese.fr\/index.php\/wp-json\/wp\/v2\/tags?post=396"}],"curies":[{"name":"wp","href":"https:\/\/api.w.org\/{rel}","templated":true}]}}