{"id":394,"date":"2023-06-14T08:00:00","date_gmt":"2023-06-14T06:00:00","guid":{"rendered":"https:\/\/juliette-cortese.fr\/?p=394"},"modified":"2023-06-13T18:46:40","modified_gmt":"2023-06-13T16:46:40","slug":"44-mai","status":"publish","type":"post","link":"https:\/\/juliette-cortese.fr\/index.php\/2023\/06\/14\/44-mai\/","title":{"rendered":"45 mai"},"content":{"rendered":"\n<p>Le temps du demi-monde est mouill\u00e9. C&rsquo;est un temps glissant, qui s&rsquo;\u00e9coule avec des lames d&rsquo;eau suivies d&rsquo;\u00e9claircies pleines d&rsquo;humidit\u00e9 br\u00fblante. <strong>Nos herbes nos journ\u00e9es nos vies.\u00a0<\/strong><\/p>\n\n\n\n<p>Le demi-monde change plus vite que la face de la Lune. On ne s&rsquo;en rend pas compte. Mais le temps change, c&rsquo;est un nouveau climat, avec une tonalit\u00e9 de tropiques, l&rsquo;eau et l&rsquo;incendie.&nbsp;<\/p>\n","protected":false},"excerpt":{"rendered":"<p>Le temps du demi-monde est mouill\u00e9. C&rsquo;est un temps glissant, qui s&rsquo;\u00e9coule avec des lames d&rsquo;eau suivies d&rsquo;\u00e9claircies pleines d&rsquo;humidit\u00e9 br\u00fblante. Nos herbes nos journ\u00e9es nos vies.\u00a0 Le demi-monde change plus vite que la face de la Lune. On ne s&rsquo;en rend pas compte. Mais le temps change, c&rsquo;est un nouveau climat, avec une tonalit\u00e9 [&hellip;]<\/p>\n","protected":false},"author":2,"featured_media":393,"comment_status":"open","ping_status":"open","sticky":false,"template":"","format":"standard","meta":{"activitypub_content_warning":"","activitypub_content_visibility":"","footnotes":""},"categories":[4],"tags":[],"class_list":["post-394","post","type-post","status-publish","format-standard","has-post-thumbnail","hentry","category-91eme-parallele"],"_links":{"self":[{"href":"https:\/\/juliette-cortese.fr\/index.php\/wp-json\/wp\/v2\/posts\/394","targetHints":{"allow":["GET"]}}],"collection":[{"href":"https:\/\/juliette-cortese.fr\/index.php\/wp-json\/wp\/v2\/posts"}],"about":[{"href":"https:\/\/juliette-cortese.fr\/index.php\/wp-json\/wp\/v2\/types\/post"}],"author":[{"embeddable":true,"href":"https:\/\/juliette-cortese.fr\/index.php\/wp-json\/wp\/v2\/users\/2"}],"replies":[{"embeddable":true,"href":"https:\/\/juliette-cortese.fr\/index.php\/wp-json\/wp\/v2\/comments?post=394"}],"version-history":[{"count":3,"href":"https:\/\/juliette-cortese.fr\/index.php\/wp-json\/wp\/v2\/posts\/394\/revisions"}],"predecessor-version":[{"id":620,"href":"https:\/\/juliette-cortese.fr\/index.php\/wp-json\/wp\/v2\/posts\/394\/revisions\/620"}],"wp:featuredmedia":[{"embeddable":true,"href":"https:\/\/juliette-cortese.fr\/index.php\/wp-json\/wp\/v2\/media\/393"}],"wp:attachment":[{"href":"https:\/\/juliette-cortese.fr\/index.php\/wp-json\/wp\/v2\/media?parent=394"}],"wp:term":[{"taxonomy":"category","embeddable":true,"href":"https:\/\/juliette-cortese.fr\/index.php\/wp-json\/wp\/v2\/categories?post=394"},{"taxonomy":"post_tag","embeddable":true,"href":"https:\/\/juliette-cortese.fr\/index.php\/wp-json\/wp\/v2\/tags?post=394"}],"curies":[{"name":"wp","href":"https:\/\/api.w.org\/{rel}","templated":true}]}}