{"id":2315,"date":"2026-05-01T15:55:26","date_gmt":"2026-05-01T13:55:26","guid":{"rendered":"https:\/\/juliette-cortese.fr\/?p=2315"},"modified":"2026-05-01T18:50:38","modified_gmt":"2026-05-01T16:50:38","slug":"5","status":"publish","type":"post","link":"https:\/\/juliette-cortese.fr\/index.php\/2026\/05\/01\/5\/","title":{"rendered":"1er mai, tra\u00eener"},"content":{"rendered":"\n<p>Puisque je n&rsquo;ai plus envie de parler de <a href=\"https:\/\/juliette-cortese.fr\/index.php\/degafamiser-concretement\/\" data-type=\"page\" data-id=\"2216\">d\u00e9gafamisation<\/a>, je viens de d\u00e9cider que <a href=\"https:\/\/juliette-cortese.fr\/index.php\/category\/le-courage-de-lherbe-journal\/\" data-type=\"category\" data-id=\"8\">Le courage de l&rsquo;herbe<\/a> demeure un bon titre pour un journal tout court. Un journal court et irr\u00e9gulier, comme moi.<\/p>\n\n\n\n<p>J&rsquo;\u00e9pluche un kiwi avec un \u00e9plucheur sp\u00e9cial. Il m&rsquo;a \u00e9t\u00e9 offert par une tante qui m&rsquo;offre rarement quelque chose. L&rsquo;\u00e9pluchage est satisfaisant m\u00eame si le trognon du kiwi est un peu dur. Je salive alors que j&rsquo;ai d\u00e9j\u00e0 mang\u00e9 plusieurs tartines de cancoillotte. J&rsquo;ai l&rsquo;impression que je pourrais manger sans fin. C&rsquo;est s\u00fbrement parce que je m&rsquo;ennuie. <\/p>\n\n\n\n<p>Je d\u00e9cide de pr\u00e9parer un th\u00e9 vert avec de la menthe du jardin qui pousse haut. Je me rends compte que je ne sais pas tailler la menthe. Il y a tellement de choses que je ne sais pas faire. Mon mouvement pour approcher le vivant est souvent contrari\u00e9, par ma m\u00e9connaissance ou par ma paresse. Je pr\u00e9f\u00e8re rester dans le canap\u00e9 \u00e0 lire ou r\u00eavasser. Je pourrais au moins prendre le soleil sur une chaise longue. Faire ce qu&rsquo;on est cens\u00e9 faire le week-end : jardiner, ranger, nettoyer. Je n&rsquo;ai qu&rsquo;une envie : tra\u00eener (qu&rsquo;on prononcera avec l&rsquo;accent franc-comtois, en traa\u00ee\u00ee\u00eenant sur le a\u00ee : effet garanti). <\/p>\n\n\n\n<p>C&rsquo;est s\u00fbrement parce que j&rsquo;ai fait des abdos ce matin. Le sport a deux effets antagonistes sur mon \u00e9nergie : les jours o\u00f9 je n&rsquo;ai pas d&rsquo;autre choix que me mettre en mouvement, l&rsquo;activit\u00e9 physique matinale me para\u00eet soutenir la journ\u00e9e. Les jours o\u00f9 je n&rsquo;ai rien \u00e0 faire, comme aujourd&rsquo;hui, je me sens molle, vide et \u00e9puis\u00e9e toute la journ\u00e9e. Pour \u00eatre en forme il faudrait donc n&rsquo;avoir que des jours actifs. C&rsquo;est ce que font les autres femmes de ma famille, toujours en mouvement d\u00e8s l&rsquo;aube. Cette id\u00e9e me terrifie. J&rsquo;aime tellement tra\u00eener (aaaiii). <\/p>\n\n\n\n<p>Dans ce billet, je fais plusieurs liens de causalit\u00e9 simples et arbitraires. J&rsquo;aimerais \u00eatre plus intelligente. Si je cherche \u00e0 l&rsquo;\u00eatre, alors je cesse d&rsquo;\u00e9crire. Nouvelle causalit\u00e9 lin\u00e9aire. Je suis poursuivie. Ou alors, c&rsquo;est l&rsquo;ordre normal de la pens\u00e9e, un 1er mai : tra\u00eener en causalit\u00e9 lin\u00e9aire. <\/p>\n\n\n<div class=\"wp-block-post-date\"><time datetime=\"2026-05-01T15:55:26+02:00\">1 mai 2026<\/time><\/div>","protected":false},"excerpt":{"rendered":"<p>Puisque je n&rsquo;ai plus envie de parler de d\u00e9gafamisation, je viens de d\u00e9cider que Le courage de l&rsquo;herbe demeure un bon titre pour un journal tout court. Un journal court et irr\u00e9gulier, comme moi. J&rsquo;\u00e9pluche un kiwi avec un \u00e9plucheur sp\u00e9cial. Il m&rsquo;a \u00e9t\u00e9 offert par une tante qui m&rsquo;offre rarement quelque chose. L&rsquo;\u00e9pluchage est [&hellip;]<\/p>\n","protected":false},"author":2,"featured_media":2306,"comment_status":"open","ping_status":"open","sticky":false,"template":"","format":"standard","meta":{"activitypub_content_warning":"","activitypub_content_visibility":"","activitypub_max_image_attachments":3,"activitypub_interaction_policy_quote":"anyone","activitypub_status":"federated","footnotes":""},"categories":[8],"tags":[],"class_list":["post-2315","post","type-post","status-publish","format-standard","has-post-thumbnail","hentry","category-le-courage-de-lherbe-journal"],"_links":{"self":[{"href":"https:\/\/juliette-cortese.fr\/index.php\/wp-json\/wp\/v2\/posts\/2315","targetHints":{"allow":["GET"]}}],"collection":[{"href":"https:\/\/juliette-cortese.fr\/index.php\/wp-json\/wp\/v2\/posts"}],"about":[{"href":"https:\/\/juliette-cortese.fr\/index.php\/wp-json\/wp\/v2\/types\/post"}],"author":[{"embeddable":true,"href":"https:\/\/juliette-cortese.fr\/index.php\/wp-json\/wp\/v2\/users\/2"}],"replies":[{"embeddable":true,"href":"https:\/\/juliette-cortese.fr\/index.php\/wp-json\/wp\/v2\/comments?post=2315"}],"version-history":[{"count":4,"href":"https:\/\/juliette-cortese.fr\/index.php\/wp-json\/wp\/v2\/posts\/2315\/revisions"}],"predecessor-version":[{"id":2353,"href":"https:\/\/juliette-cortese.fr\/index.php\/wp-json\/wp\/v2\/posts\/2315\/revisions\/2353"}],"wp:featuredmedia":[{"embeddable":true,"href":"https:\/\/juliette-cortese.fr\/index.php\/wp-json\/wp\/v2\/media\/2306"}],"wp:attachment":[{"href":"https:\/\/juliette-cortese.fr\/index.php\/wp-json\/wp\/v2\/media?parent=2315"}],"wp:term":[{"taxonomy":"category","embeddable":true,"href":"https:\/\/juliette-cortese.fr\/index.php\/wp-json\/wp\/v2\/categories?post=2315"},{"taxonomy":"post_tag","embeddable":true,"href":"https:\/\/juliette-cortese.fr\/index.php\/wp-json\/wp\/v2\/tags?post=2315"}],"curies":[{"name":"wp","href":"https:\/\/api.w.org\/{rel}","templated":true}]}}