{"id":1814,"date":"2023-12-10T08:00:51","date_gmt":"2023-12-10T07:00:51","guid":{"rendered":"https:\/\/juliette-cortese.fr\/?p=1814"},"modified":"2023-12-10T09:02:26","modified_gmt":"2023-12-10T08:02:26","slug":"40-novembre-2","status":"publish","type":"post","link":"https:\/\/juliette-cortese.fr\/index.php\/2023\/12\/10\/40-novembre-2\/","title":{"rendered":"40 novembre"},"content":{"rendered":"\n<p>C\u2019\u00e9tait le temps des fins d\u2019ann\u00e9es, des couverts nombreux, de l\u2019odeur de fum\u00e9e, des flammes derri\u00e8re les vitres et des fen\u00eatres ouvertes au froid, des rayons rasant le soir qui nous br\u00fblaient les yeux, un temps \u00e0 battre la campagne \u00e0 la recherche d\u2019un rayon tomb\u00e9, d\u2019une branche sans feuille, d\u2019une silhouette de gramin\u00e9e dans le contre-jour, \u00e0 chasser les images dans les lumi\u00e8res d\u2019hiver, et c\u2019est ainsi : \u00e0 l&rsquo;approche de No\u00ebl les t\u00eates s&#8217;emplissent, il y pousse une plante inconnue, et le soleil se prend pour une boule.\u00a0<\/p>\n","protected":false},"excerpt":{"rendered":"<p>C\u2019\u00e9tait le temps des fins d\u2019ann\u00e9es, des couverts nombreux, de l\u2019odeur de fum\u00e9e, des flammes derri\u00e8re les vitres et des fen\u00eatres ouvertes au froid, des rayons rasant le soir qui nous br\u00fblaient les yeux, un temps \u00e0 battre la campagne \u00e0 la recherche d\u2019un rayon tomb\u00e9, d\u2019une branche sans feuille, d\u2019une silhouette de gramin\u00e9e dans [&hellip;]<\/p>\n","protected":false},"author":2,"featured_media":1813,"comment_status":"open","ping_status":"open","sticky":false,"template":"","format":"standard","meta":{"activitypub_content_warning":"","activitypub_content_visibility":"","activitypub_max_image_attachments":3,"activitypub_interaction_policy_quote":"anyone","activitypub_status":"","footnotes":""},"categories":[4],"tags":[],"class_list":["post-1814","post","type-post","status-publish","format-standard","has-post-thumbnail","hentry","category-91eme-parallele"],"_links":{"self":[{"href":"https:\/\/juliette-cortese.fr\/index.php\/wp-json\/wp\/v2\/posts\/1814","targetHints":{"allow":["GET"]}}],"collection":[{"href":"https:\/\/juliette-cortese.fr\/index.php\/wp-json\/wp\/v2\/posts"}],"about":[{"href":"https:\/\/juliette-cortese.fr\/index.php\/wp-json\/wp\/v2\/types\/post"}],"author":[{"embeddable":true,"href":"https:\/\/juliette-cortese.fr\/index.php\/wp-json\/wp\/v2\/users\/2"}],"replies":[{"embeddable":true,"href":"https:\/\/juliette-cortese.fr\/index.php\/wp-json\/wp\/v2\/comments?post=1814"}],"version-history":[{"count":2,"href":"https:\/\/juliette-cortese.fr\/index.php\/wp-json\/wp\/v2\/posts\/1814\/revisions"}],"predecessor-version":[{"id":1868,"href":"https:\/\/juliette-cortese.fr\/index.php\/wp-json\/wp\/v2\/posts\/1814\/revisions\/1868"}],"wp:featuredmedia":[{"embeddable":true,"href":"https:\/\/juliette-cortese.fr\/index.php\/wp-json\/wp\/v2\/media\/1813"}],"wp:attachment":[{"href":"https:\/\/juliette-cortese.fr\/index.php\/wp-json\/wp\/v2\/media?parent=1814"}],"wp:term":[{"taxonomy":"category","embeddable":true,"href":"https:\/\/juliette-cortese.fr\/index.php\/wp-json\/wp\/v2\/categories?post=1814"},{"taxonomy":"post_tag","embeddable":true,"href":"https:\/\/juliette-cortese.fr\/index.php\/wp-json\/wp\/v2\/tags?post=1814"}],"curies":[{"name":"wp","href":"https:\/\/api.w.org\/{rel}","templated":true}]}}