{"id":1676,"date":"2024-04-01T08:00:20","date_gmt":"2024-04-01T06:00:20","guid":{"rendered":"https:\/\/juliette-cortese.fr\/?p=1676"},"modified":"2024-03-31T23:25:22","modified_gmt":"2024-03-31T21:25:22","slug":"32-mars","status":"publish","type":"post","link":"https:\/\/juliette-cortese.fr\/index.php\/2024\/04\/01\/32-mars\/","title":{"rendered":"32 mars"},"content":{"rendered":"\n<p>Aujourd&rsquo;hui est le jour o\u00f9 nous sommes partis. Nous avons pris la route le matin, apr\u00e8s des adieux pudiques \u00e0 ceux de la colonie.&nbsp;<\/p>\n\n\n\n<p>Ce voyage est le double d&rsquo;un autre chemin, qui me met tant en col\u00e8re. Il y a le voyage d&rsquo;avant, avec toi, dont les brumes sont toujours obscur\u00e9ment sous la surface des choses du pr\u00e9sent. Il y a le voyage que j\u2019effectue avec ce grand gar\u00e7on chevelu dont je ne sais pas grand-chose, si ce n\u2019est que nous sommes solidaires l&rsquo;un avec l&rsquo;autre. Et il y a le chemin emprunt\u00e9, la voie par o\u00f9 va le monde, vers des murs toujours plus hauts.<\/p>\n\n\n\n<p>On fon\u00e7ait vers des souffrances ignor\u00e9es, un pas ferme vers ce qu&rsquo;il fallait taire.<\/p>\n","protected":false},"excerpt":{"rendered":"<p>Aujourd&rsquo;hui est le jour o\u00f9 nous sommes partis. Nous avons pris la route le matin, apr\u00e8s des adieux pudiques \u00e0 ceux de la colonie.&nbsp; Ce voyage est le double d&rsquo;un autre chemin, qui me met tant en col\u00e8re. Il y a le voyage d&rsquo;avant, avec toi, dont les brumes sont toujours obscur\u00e9ment sous la surface [&hellip;]<\/p>\n","protected":false},"author":2,"featured_media":1675,"comment_status":"open","ping_status":"open","sticky":false,"template":"","format":"standard","meta":{"activitypub_content_warning":"","activitypub_content_visibility":"","footnotes":""},"categories":[4],"tags":[],"class_list":["post-1676","post","type-post","status-publish","format-standard","has-post-thumbnail","hentry","category-91eme-parallele"],"_links":{"self":[{"href":"https:\/\/juliette-cortese.fr\/index.php\/wp-json\/wp\/v2\/posts\/1676","targetHints":{"allow":["GET"]}}],"collection":[{"href":"https:\/\/juliette-cortese.fr\/index.php\/wp-json\/wp\/v2\/posts"}],"about":[{"href":"https:\/\/juliette-cortese.fr\/index.php\/wp-json\/wp\/v2\/types\/post"}],"author":[{"embeddable":true,"href":"https:\/\/juliette-cortese.fr\/index.php\/wp-json\/wp\/v2\/users\/2"}],"replies":[{"embeddable":true,"href":"https:\/\/juliette-cortese.fr\/index.php\/wp-json\/wp\/v2\/comments?post=1676"}],"version-history":[{"count":1,"href":"https:\/\/juliette-cortese.fr\/index.php\/wp-json\/wp\/v2\/posts\/1676\/revisions"}],"predecessor-version":[{"id":2084,"href":"https:\/\/juliette-cortese.fr\/index.php\/wp-json\/wp\/v2\/posts\/1676\/revisions\/2084"}],"wp:featuredmedia":[{"embeddable":true,"href":"https:\/\/juliette-cortese.fr\/index.php\/wp-json\/wp\/v2\/media\/1675"}],"wp:attachment":[{"href":"https:\/\/juliette-cortese.fr\/index.php\/wp-json\/wp\/v2\/media?parent=1676"}],"wp:term":[{"taxonomy":"category","embeddable":true,"href":"https:\/\/juliette-cortese.fr\/index.php\/wp-json\/wp\/v2\/categories?post=1676"},{"taxonomy":"post_tag","embeddable":true,"href":"https:\/\/juliette-cortese.fr\/index.php\/wp-json\/wp\/v2\/tags?post=1676"}],"curies":[{"name":"wp","href":"https:\/\/api.w.org\/{rel}","templated":true}]}}