{"id":1658,"date":"2024-04-11T08:00:24","date_gmt":"2024-04-11T06:00:24","guid":{"rendered":"https:\/\/juliette-cortese.fr\/?p=1658"},"modified":"2024-04-11T09:42:06","modified_gmt":"2024-04-11T07:42:06","slug":"42-mars","status":"publish","type":"post","link":"https:\/\/juliette-cortese.fr\/index.php\/2024\/04\/11\/42-mars\/","title":{"rendered":"42 mars"},"content":{"rendered":"\n<p>C&rsquo;est une sorte de paradoxe. Des jours \u00e0 d\u00e9couvrir la ville retrouss\u00e9e, la ville d\u00e9valis\u00e9e. En moi quelque chose chemine qui s&rsquo;\u00e9claire et prend sens, \u00e0 mesure que tout dehors se d\u00e9compose.&nbsp;<\/p>\n\n\n\n<p>De ton profil et de ta peau je ne sais plus ce que j&rsquo;ai pens\u00e9, c&rsquo;\u00e9tait un fr\u00f4lement dedans, une pr\u00e9venance animale.<\/p>\n\n\n\n<p>Aujourd&rsquo;hui mon compagnon est l\u00e0. Je pense toujours \u00e0 toi avec la tristesse d\u00e9peupl\u00e9e. La maison vide en moi tient un peu moins de place. <\/p>\n\n\n\n<p>J&rsquo;envisage de vivre alors qu\u2019autour tout se d\u00e9fait.\u00a0<\/p>\n","protected":false},"excerpt":{"rendered":"<p>C&rsquo;est une sorte de paradoxe. Des jours \u00e0 d\u00e9couvrir la ville retrouss\u00e9e, la ville d\u00e9valis\u00e9e. En moi quelque chose chemine qui s&rsquo;\u00e9claire et prend sens, \u00e0 mesure que tout dehors se d\u00e9compose.&nbsp; De ton profil et de ta peau je ne sais plus ce que j&rsquo;ai pens\u00e9, c&rsquo;\u00e9tait un fr\u00f4lement dedans, une pr\u00e9venance animale. Aujourd&rsquo;hui [&hellip;]<\/p>\n","protected":false},"author":2,"featured_media":1657,"comment_status":"open","ping_status":"open","sticky":false,"template":"","format":"standard","meta":{"activitypub_content_warning":"","activitypub_content_visibility":"","footnotes":""},"categories":[4],"tags":[],"class_list":["post-1658","post","type-post","status-publish","format-standard","has-post-thumbnail","hentry","category-91eme-parallele"],"_links":{"self":[{"href":"https:\/\/juliette-cortese.fr\/index.php\/wp-json\/wp\/v2\/posts\/1658","targetHints":{"allow":["GET"]}}],"collection":[{"href":"https:\/\/juliette-cortese.fr\/index.php\/wp-json\/wp\/v2\/posts"}],"about":[{"href":"https:\/\/juliette-cortese.fr\/index.php\/wp-json\/wp\/v2\/types\/post"}],"author":[{"embeddable":true,"href":"https:\/\/juliette-cortese.fr\/index.php\/wp-json\/wp\/v2\/users\/2"}],"replies":[{"embeddable":true,"href":"https:\/\/juliette-cortese.fr\/index.php\/wp-json\/wp\/v2\/comments?post=1658"}],"version-history":[{"count":3,"href":"https:\/\/juliette-cortese.fr\/index.php\/wp-json\/wp\/v2\/posts\/1658\/revisions"}],"predecessor-version":[{"id":2096,"href":"https:\/\/juliette-cortese.fr\/index.php\/wp-json\/wp\/v2\/posts\/1658\/revisions\/2096"}],"wp:featuredmedia":[{"embeddable":true,"href":"https:\/\/juliette-cortese.fr\/index.php\/wp-json\/wp\/v2\/media\/1657"}],"wp:attachment":[{"href":"https:\/\/juliette-cortese.fr\/index.php\/wp-json\/wp\/v2\/media?parent=1658"}],"wp:term":[{"taxonomy":"category","embeddable":true,"href":"https:\/\/juliette-cortese.fr\/index.php\/wp-json\/wp\/v2\/categories?post=1658"},{"taxonomy":"post_tag","embeddable":true,"href":"https:\/\/juliette-cortese.fr\/index.php\/wp-json\/wp\/v2\/tags?post=1658"}],"curies":[{"name":"wp","href":"https:\/\/api.w.org\/{rel}","templated":true}]}}