{"id":1642,"date":"2024-04-20T08:00:53","date_gmt":"2024-04-20T06:00:53","guid":{"rendered":"https:\/\/juliette-cortese.fr\/?p=1642"},"modified":"2024-04-20T09:33:23","modified_gmt":"2024-04-20T07:33:23","slug":"51-mars","status":"publish","type":"post","link":"https:\/\/juliette-cortese.fr\/index.php\/2024\/04\/20\/51-mars\/","title":{"rendered":"51 mars"},"content":{"rendered":"\n<p>On est arriv\u00e9s dans une petite ville. C&rsquo;\u00e9tait d\u00e9j\u00e0 la cinqui\u00e8me. Nora est venue au devant de nous. Elle portait une jupe simple et rose. Elle nous a parl\u00e9 du temps qu&rsquo;il faisait, de la chaleur changeante, de l&rsquo;humidit\u00e9 qui vaquait, des intemp\u00e9ries atroces qu&rsquo;ils avaient v\u00e9cues.&nbsp;<\/p>\n\n\n\n<p>Soudain c\u2019\u00e9tait des paroles, et pourtant c&rsquo;\u00e9tait des choses r\u00e9elles.&nbsp;<\/p>\n\n\n\n<p>Elle nous a conduits vers un groupe de femmes. On s&rsquo;est assis pr\u00e8s d&rsquo;elles, parce que c&rsquo;\u00e9tait tout ce qu&rsquo;il y avait \u00e0 faire &#8211; on \u00e9tait convi\u00e9s avec nos oreilles \u00e0 \u00e9couter.&nbsp;<\/p>\n\n\n\n<p>Elles parlaient de leurs boules aux ventres. C&rsquo;\u00e9tait l&rsquo;envers du front, une guerre intarissable. L\u2019angoisse qui montait, de voir peu \u00e0 peu ceux qui pensaient ne pas trop souffrir se trouver en mauvaise posture. C&rsquo;\u00e9tait pire que les cauchemars, et la culpabilit\u00e9 pour celles qui avaient vu d\u00e9j\u00e0 les autres s&rsquo;engloutir. Jusqu&rsquo;\u00e0 un certain point, dans l\u2019indiff\u00e9rence de l\u2019\u00e9poque &#8211; les pauvres, c&rsquo;\u00e9tait dans l&rsquo;ordre des choses &#8211; les voir souffrir faisait mal, pour beaucoup suffisait \u00e0 plonger dans des ab\u00eemes. Pour les autres c&rsquo;\u00e9tait la derni\u00e8re limite avant d&rsquo;\u00eatre soi-m\u00eame pauvre.<\/p>\n\n\n\n<p>On n&rsquo;avait rien \u00e0 ajouter.&nbsp;<\/p>\n\n\n\n<p>Et pourtant c&rsquo;\u00e9tait une rencontre.&nbsp;<\/p>\n","protected":false},"excerpt":{"rendered":"<p>On est arriv\u00e9s dans une petite ville. C&rsquo;\u00e9tait d\u00e9j\u00e0 la cinqui\u00e8me. Nora est venue au devant de nous. Elle portait une jupe simple et rose. Elle nous a parl\u00e9 du temps qu&rsquo;il faisait, de la chaleur changeante, de l&rsquo;humidit\u00e9 qui vaquait, des intemp\u00e9ries atroces qu&rsquo;ils avaient v\u00e9cues.&nbsp; Soudain c\u2019\u00e9tait des paroles, et pourtant c&rsquo;\u00e9tait des [&hellip;]<\/p>\n","protected":false},"author":2,"featured_media":1641,"comment_status":"open","ping_status":"open","sticky":false,"template":"","format":"standard","meta":{"activitypub_content_warning":"","activitypub_content_visibility":"","footnotes":""},"categories":[4],"tags":[],"class_list":["post-1642","post","type-post","status-publish","format-standard","has-post-thumbnail","hentry","category-91eme-parallele"],"_links":{"self":[{"href":"https:\/\/juliette-cortese.fr\/index.php\/wp-json\/wp\/v2\/posts\/1642","targetHints":{"allow":["GET"]}}],"collection":[{"href":"https:\/\/juliette-cortese.fr\/index.php\/wp-json\/wp\/v2\/posts"}],"about":[{"href":"https:\/\/juliette-cortese.fr\/index.php\/wp-json\/wp\/v2\/types\/post"}],"author":[{"embeddable":true,"href":"https:\/\/juliette-cortese.fr\/index.php\/wp-json\/wp\/v2\/users\/2"}],"replies":[{"embeddable":true,"href":"https:\/\/juliette-cortese.fr\/index.php\/wp-json\/wp\/v2\/comments?post=1642"}],"version-history":[{"count":3,"href":"https:\/\/juliette-cortese.fr\/index.php\/wp-json\/wp\/v2\/posts\/1642\/revisions"}],"predecessor-version":[{"id":2114,"href":"https:\/\/juliette-cortese.fr\/index.php\/wp-json\/wp\/v2\/posts\/1642\/revisions\/2114"}],"wp:featuredmedia":[{"embeddable":true,"href":"https:\/\/juliette-cortese.fr\/index.php\/wp-json\/wp\/v2\/media\/1641"}],"wp:attachment":[{"href":"https:\/\/juliette-cortese.fr\/index.php\/wp-json\/wp\/v2\/media?parent=1642"}],"wp:term":[{"taxonomy":"category","embeddable":true,"href":"https:\/\/juliette-cortese.fr\/index.php\/wp-json\/wp\/v2\/categories?post=1642"},{"taxonomy":"post_tag","embeddable":true,"href":"https:\/\/juliette-cortese.fr\/index.php\/wp-json\/wp\/v2\/tags?post=1642"}],"curies":[{"name":"wp","href":"https:\/\/api.w.org\/{rel}","templated":true}]}}