{"id":1638,"date":"2024-04-23T08:00:09","date_gmt":"2024-04-23T06:00:09","guid":{"rendered":"https:\/\/juliette-cortese.fr\/?p=1638"},"modified":"2024-04-23T06:58:13","modified_gmt":"2024-04-23T04:58:13","slug":"54-mars","status":"publish","type":"post","link":"https:\/\/juliette-cortese.fr\/index.php\/2024\/04\/23\/54-mars\/","title":{"rendered":"54 mars"},"content":{"rendered":"\n<p>Depuis quelques jours nous sommes dans la cinqui\u00e8me ville. C&rsquo;est Nora qui nous a convi\u00e9 \u00e0 rester. Elle et son groupe vivent dans un immeuble o\u00f9 les espaces sont partag\u00e9s. Il y a des appartements r\u00e9serv\u00e9s au sommeil, dans les \u00e9tages sup\u00e9rieurs. Les appartements du bas sont utilis\u00e9s pour stocker de la nourriture et cuisiner, \u00e0 l\u2019exception de deux d&rsquo;entre eux qui sont pr\u00e9vus celles et ceux qui ne peuvent pas monter, qui doivent vivre en bas. Viennent ensuite les appartements r\u00e9quisitionn\u00e9s pour l\u2019enseignement, l\u2019\u00e9ducation des enfants, ceux pour les loisirs et ceux pour les autres travaux. Ainsi, les gens ont moins besoin de sortir. Moins peur de dispara\u00eetre.\u00a0<\/p>\n\n\n\n<p>Je suis dans l&rsquo;une des cuisines, pendant que nous cuisinons j&rsquo;observe le trafic enthousiaste des fourmis sur le plan de travail. Elles n&rsquo;ont que faire des tracas humains. Depuis deux jours on essaie de s&rsquo;en d\u00e9barrasser mais toujours elles sont l\u00e0, \u00e0 s&rsquo;affairer autour de la moindre quantit\u00e9. Alors qu&rsquo;il est si difficile de trouver \u00e0 manger, pour elles chaque grain de sucre est la m\u00eame aubaine qu\u2019avant. Ni plus ni moins.&nbsp;<\/p>\n\n\n\n<p>Dans le silence des fourmis, on entend nos pieds nos mains qui vibrent du cri des distances, des allures fi\u00e9vreuses, du manque de tout, et des dur\u00e9es d&rsquo;humanit\u00e9.&nbsp;<\/p>\n","protected":false},"excerpt":{"rendered":"<p>Depuis quelques jours nous sommes dans la cinqui\u00e8me ville. C&rsquo;est Nora qui nous a convi\u00e9 \u00e0 rester. Elle et son groupe vivent dans un immeuble o\u00f9 les espaces sont partag\u00e9s. Il y a des appartements r\u00e9serv\u00e9s au sommeil, dans les \u00e9tages sup\u00e9rieurs. Les appartements du bas sont utilis\u00e9s pour stocker de la nourriture et cuisiner, [&hellip;]<\/p>\n","protected":false},"author":2,"featured_media":1637,"comment_status":"open","ping_status":"open","sticky":false,"template":"","format":"standard","meta":{"activitypub_content_warning":"","activitypub_content_visibility":"","footnotes":""},"categories":[4],"tags":[],"class_list":["post-1638","post","type-post","status-publish","format-standard","has-post-thumbnail","hentry","category-91eme-parallele"],"_links":{"self":[{"href":"https:\/\/juliette-cortese.fr\/index.php\/wp-json\/wp\/v2\/posts\/1638","targetHints":{"allow":["GET"]}}],"collection":[{"href":"https:\/\/juliette-cortese.fr\/index.php\/wp-json\/wp\/v2\/posts"}],"about":[{"href":"https:\/\/juliette-cortese.fr\/index.php\/wp-json\/wp\/v2\/types\/post"}],"author":[{"embeddable":true,"href":"https:\/\/juliette-cortese.fr\/index.php\/wp-json\/wp\/v2\/users\/2"}],"replies":[{"embeddable":true,"href":"https:\/\/juliette-cortese.fr\/index.php\/wp-json\/wp\/v2\/comments?post=1638"}],"version-history":[{"count":1,"href":"https:\/\/juliette-cortese.fr\/index.php\/wp-json\/wp\/v2\/posts\/1638\/revisions"}],"predecessor-version":[{"id":2116,"href":"https:\/\/juliette-cortese.fr\/index.php\/wp-json\/wp\/v2\/posts\/1638\/revisions\/2116"}],"wp:featuredmedia":[{"embeddable":true,"href":"https:\/\/juliette-cortese.fr\/index.php\/wp-json\/wp\/v2\/media\/1637"}],"wp:attachment":[{"href":"https:\/\/juliette-cortese.fr\/index.php\/wp-json\/wp\/v2\/media?parent=1638"}],"wp:term":[{"taxonomy":"category","embeddable":true,"href":"https:\/\/juliette-cortese.fr\/index.php\/wp-json\/wp\/v2\/categories?post=1638"},{"taxonomy":"post_tag","embeddable":true,"href":"https:\/\/juliette-cortese.fr\/index.php\/wp-json\/wp\/v2\/tags?post=1638"}],"curies":[{"name":"wp","href":"https:\/\/api.w.org\/{rel}","templated":true}]}}