{"id":1622,"date":"2024-05-02T08:00:47","date_gmt":"2024-05-02T06:00:47","guid":{"rendered":"https:\/\/juliette-cortese.fr\/?p=1622"},"modified":"2024-05-02T08:13:16","modified_gmt":"2024-05-02T06:13:16","slug":"32-avril","status":"publish","type":"post","link":"https:\/\/juliette-cortese.fr\/index.php\/2024\/05\/02\/32-avril\/","title":{"rendered":"32 avril"},"content":{"rendered":"\n<p>Il y a un an tout juste la chaleur d\u00e9j\u00e0 nous pin\u00e7ait les narines, tu n&rsquo;\u00e9tais pas disparue et j&rsquo;imaginais une vie sans toi invivable. Pourtant rien ne laissait s&rsquo;attendre \u00e0 ton absence. Aujourd&rsquo;hui qu&rsquo;approche la date, parce que nous entrons dans son mois, je ne sais plus ce que je crains, de l\u2019anniversaire de ton d\u00e9part ou de la fin qui vient, de la disparition prochaine de ce que nous connaissons, j\u2019en suis \u00e0 peu pr\u00e8s s\u00fbr ou s\u00fbre.\u00a0<\/p>\n","protected":false},"excerpt":{"rendered":"<p>Il y a un an tout juste la chaleur d\u00e9j\u00e0 nous pin\u00e7ait les narines, tu n&rsquo;\u00e9tais pas disparue et j&rsquo;imaginais une vie sans toi invivable. Pourtant rien ne laissait s&rsquo;attendre \u00e0 ton absence. Aujourd&rsquo;hui qu&rsquo;approche la date, parce que nous entrons dans son mois, je ne sais plus ce que je crains, de l\u2019anniversaire de [&hellip;]<\/p>\n","protected":false},"author":2,"featured_media":1621,"comment_status":"open","ping_status":"open","sticky":false,"template":"","format":"standard","meta":{"activitypub_content_warning":"","activitypub_content_visibility":"","footnotes":""},"categories":[4],"tags":[],"class_list":["post-1622","post","type-post","status-publish","format-standard","has-post-thumbnail","hentry","category-91eme-parallele"],"_links":{"self":[{"href":"https:\/\/juliette-cortese.fr\/index.php\/wp-json\/wp\/v2\/posts\/1622","targetHints":{"allow":["GET"]}}],"collection":[{"href":"https:\/\/juliette-cortese.fr\/index.php\/wp-json\/wp\/v2\/posts"}],"about":[{"href":"https:\/\/juliette-cortese.fr\/index.php\/wp-json\/wp\/v2\/types\/post"}],"author":[{"embeddable":true,"href":"https:\/\/juliette-cortese.fr\/index.php\/wp-json\/wp\/v2\/users\/2"}],"replies":[{"embeddable":true,"href":"https:\/\/juliette-cortese.fr\/index.php\/wp-json\/wp\/v2\/comments?post=1622"}],"version-history":[{"count":2,"href":"https:\/\/juliette-cortese.fr\/index.php\/wp-json\/wp\/v2\/posts\/1622\/revisions"}],"predecessor-version":[{"id":2139,"href":"https:\/\/juliette-cortese.fr\/index.php\/wp-json\/wp\/v2\/posts\/1622\/revisions\/2139"}],"wp:featuredmedia":[{"embeddable":true,"href":"https:\/\/juliette-cortese.fr\/index.php\/wp-json\/wp\/v2\/media\/1621"}],"wp:attachment":[{"href":"https:\/\/juliette-cortese.fr\/index.php\/wp-json\/wp\/v2\/media?parent=1622"}],"wp:term":[{"taxonomy":"category","embeddable":true,"href":"https:\/\/juliette-cortese.fr\/index.php\/wp-json\/wp\/v2\/categories?post=1622"},{"taxonomy":"post_tag","embeddable":true,"href":"https:\/\/juliette-cortese.fr\/index.php\/wp-json\/wp\/v2\/tags?post=1622"}],"curies":[{"name":"wp","href":"https:\/\/api.w.org\/{rel}","templated":true}]}}