{"id":1528,"date":"2024-02-20T08:00:30","date_gmt":"2024-02-20T07:00:30","guid":{"rendered":"https:\/\/juliette-cortese.fr\/?p=1528"},"modified":"2024-02-16T16:29:33","modified_gmt":"2024-02-16T15:29:33","slug":"51-janvier","status":"publish","type":"post","link":"https:\/\/juliette-cortese.fr\/index.php\/2024\/02\/20\/51-janvier\/","title":{"rendered":"51 janvier"},"content":{"rendered":"\n<p>Deux jours que je dors en marchant. Rien de chez moi ne me manque, ni la porte de l&rsquo;armoire qui bat, ni la mouche du plafond, ni la lampe. La souris a son nid dans ma poche. Deux jours \u00e0 dormir en marchant, ce n\u2019est pas du repos. Cela me donne des vertiges et des id\u00e9es un peu folles, \u00e9tonnantes au moins, qui passent et tombent sur les cailloux du sentier derri\u00e8re moi, aussi vite qu&rsquo;elles m&rsquo;arrivent en t\u00eate. J&rsquo;aimerais dormir dans la for\u00eat, faire des r\u00eaves moins techniques, avec plut\u00f4t de la terre.<\/p>\n","protected":false},"excerpt":{"rendered":"<p>Deux jours que je dors en marchant. Rien de chez moi ne me manque, ni la porte de l&rsquo;armoire qui bat, ni la mouche du plafond, ni la lampe. La souris a son nid dans ma poche. Deux jours \u00e0 dormir en marchant, ce n\u2019est pas du repos. Cela me donne des vertiges et des [&hellip;]<\/p>\n","protected":false},"author":2,"featured_media":1527,"comment_status":"open","ping_status":"open","sticky":false,"template":"","format":"standard","meta":{"activitypub_content_warning":"","activitypub_content_visibility":"","footnotes":""},"categories":[4],"tags":[],"class_list":["post-1528","post","type-post","status-publish","format-standard","has-post-thumbnail","hentry","category-91eme-parallele"],"_links":{"self":[{"href":"https:\/\/juliette-cortese.fr\/index.php\/wp-json\/wp\/v2\/posts\/1528","targetHints":{"allow":["GET"]}}],"collection":[{"href":"https:\/\/juliette-cortese.fr\/index.php\/wp-json\/wp\/v2\/posts"}],"about":[{"href":"https:\/\/juliette-cortese.fr\/index.php\/wp-json\/wp\/v2\/types\/post"}],"author":[{"embeddable":true,"href":"https:\/\/juliette-cortese.fr\/index.php\/wp-json\/wp\/v2\/users\/2"}],"replies":[{"embeddable":true,"href":"https:\/\/juliette-cortese.fr\/index.php\/wp-json\/wp\/v2\/comments?post=1528"}],"version-history":[{"count":1,"href":"https:\/\/juliette-cortese.fr\/index.php\/wp-json\/wp\/v2\/posts\/1528\/revisions"}],"predecessor-version":[{"id":1957,"href":"https:\/\/juliette-cortese.fr\/index.php\/wp-json\/wp\/v2\/posts\/1528\/revisions\/1957"}],"wp:featuredmedia":[{"embeddable":true,"href":"https:\/\/juliette-cortese.fr\/index.php\/wp-json\/wp\/v2\/media\/1527"}],"wp:attachment":[{"href":"https:\/\/juliette-cortese.fr\/index.php\/wp-json\/wp\/v2\/media?parent=1528"}],"wp:term":[{"taxonomy":"category","embeddable":true,"href":"https:\/\/juliette-cortese.fr\/index.php\/wp-json\/wp\/v2\/categories?post=1528"},{"taxonomy":"post_tag","embeddable":true,"href":"https:\/\/juliette-cortese.fr\/index.php\/wp-json\/wp\/v2\/tags?post=1528"}],"curies":[{"name":"wp","href":"https:\/\/api.w.org\/{rel}","templated":true}]}}