{"id":1522,"date":"2024-02-23T08:00:27","date_gmt":"2024-02-23T07:00:27","guid":{"rendered":"https:\/\/juliette-cortese.fr\/?p=1522"},"modified":"2024-02-22T22:15:36","modified_gmt":"2024-02-22T21:15:36","slug":"54-janvier","status":"publish","type":"post","link":"https:\/\/juliette-cortese.fr\/index.php\/2024\/02\/23\/54-janvier\/","title":{"rendered":"54 janvier"},"content":{"rendered":"\n<p>Je ne sais pas tr\u00e8s bien o\u00f9 je vais. C&rsquo;est d\u00e9j\u00e0 arriv\u00e9 \u00e0 d&rsquo;autres personnes, qui cherchaient leur chemin. Je suis cet homme, sa pr\u00e9sence est agr\u00e9able. Je cherche une histoire, un sens. Quelque chose qui se raconte, qui se dessine, qui se sculpte et qui se partage, une histoire qui se r\u00e9p\u00e8te et qui parle aux gens. Des souffrances, des espoirs, des violences sans nom, la domination sans partage au pr\u00e9texte de se croire le plus fort, des prescriptions de ma\u00eetrise pour les \u00e9toiles, vers des bonheurs anciens vers des gouffres.<\/p>\n","protected":false},"excerpt":{"rendered":"<p>Je ne sais pas tr\u00e8s bien o\u00f9 je vais. C&rsquo;est d\u00e9j\u00e0 arriv\u00e9 \u00e0 d&rsquo;autres personnes, qui cherchaient leur chemin. Je suis cet homme, sa pr\u00e9sence est agr\u00e9able. Je cherche une histoire, un sens. Quelque chose qui se raconte, qui se dessine, qui se sculpte et qui se partage, une histoire qui se r\u00e9p\u00e8te et qui [&hellip;]<\/p>\n","protected":false},"author":2,"featured_media":1521,"comment_status":"open","ping_status":"open","sticky":false,"template":"","format":"standard","meta":{"activitypub_content_warning":"","activitypub_content_visibility":"","activitypub_max_image_attachments":3,"activitypub_interaction_policy_quote":"anyone","activitypub_status":"","footnotes":""},"categories":[4],"tags":[],"class_list":["post-1522","post","type-post","status-publish","format-standard","has-post-thumbnail","hentry","category-91eme-parallele"],"_links":{"self":[{"href":"https:\/\/juliette-cortese.fr\/index.php\/wp-json\/wp\/v2\/posts\/1522","targetHints":{"allow":["GET"]}}],"collection":[{"href":"https:\/\/juliette-cortese.fr\/index.php\/wp-json\/wp\/v2\/posts"}],"about":[{"href":"https:\/\/juliette-cortese.fr\/index.php\/wp-json\/wp\/v2\/types\/post"}],"author":[{"embeddable":true,"href":"https:\/\/juliette-cortese.fr\/index.php\/wp-json\/wp\/v2\/users\/2"}],"replies":[{"embeddable":true,"href":"https:\/\/juliette-cortese.fr\/index.php\/wp-json\/wp\/v2\/comments?post=1522"}],"version-history":[{"count":1,"href":"https:\/\/juliette-cortese.fr\/index.php\/wp-json\/wp\/v2\/posts\/1522\/revisions"}],"predecessor-version":[{"id":1969,"href":"https:\/\/juliette-cortese.fr\/index.php\/wp-json\/wp\/v2\/posts\/1522\/revisions\/1969"}],"wp:featuredmedia":[{"embeddable":true,"href":"https:\/\/juliette-cortese.fr\/index.php\/wp-json\/wp\/v2\/media\/1521"}],"wp:attachment":[{"href":"https:\/\/juliette-cortese.fr\/index.php\/wp-json\/wp\/v2\/media?parent=1522"}],"wp:term":[{"taxonomy":"category","embeddable":true,"href":"https:\/\/juliette-cortese.fr\/index.php\/wp-json\/wp\/v2\/categories?post=1522"},{"taxonomy":"post_tag","embeddable":true,"href":"https:\/\/juliette-cortese.fr\/index.php\/wp-json\/wp\/v2\/tags?post=1522"}],"curies":[{"name":"wp","href":"https:\/\/api.w.org\/{rel}","templated":true}]}}