{"id":1492,"date":"2024-03-11T08:00:48","date_gmt":"2024-03-11T07:00:48","guid":{"rendered":"https:\/\/juliette-cortese.fr\/?p=1492"},"modified":"2024-03-11T08:47:31","modified_gmt":"2024-03-11T07:47:31","slug":"40-fevrier","status":"publish","type":"post","link":"https:\/\/juliette-cortese.fr\/index.php\/2024\/03\/11\/40-fevrier\/","title":{"rendered":"40 f\u00e9vrier"},"content":{"rendered":"\n<p>L&rsquo;engrenage f\u00e9roce du printemps ne se parle pas dans les rivi\u00e8res. Il est l\u00e0, nous le sentons dans le vent qui nous caresse les joues, le nez. Mon compagnon dit qu&rsquo;\u00e0 cette saison nous devons beaucoup dormir et boire chaque soir une infusion de l&rsquo;aubier de ce grand arbre qui devient rose. Celui-l\u00e0 m\u00eame o\u00f9 il \u00e9tait perch\u00e9 avec l&rsquo;autre vautour, l&rsquo;autre nuit.&nbsp;<\/p>\n\n\n\n<p>Trente jours apr\u00e8s notre arriv\u00e9e, nous repartirons. J\u2019ai le temps de m&rsquo;habituer \u00e0 la vie d&rsquo;ici. Je m&rsquo;installe.\u00a0<\/p>\n","protected":false},"excerpt":{"rendered":"<p>L&rsquo;engrenage f\u00e9roce du printemps ne se parle pas dans les rivi\u00e8res. Il est l\u00e0, nous le sentons dans le vent qui nous caresse les joues, le nez. Mon compagnon dit qu&rsquo;\u00e0 cette saison nous devons beaucoup dormir et boire chaque soir une infusion de l&rsquo;aubier de ce grand arbre qui devient rose. Celui-l\u00e0 m\u00eame o\u00f9 [&hellip;]<\/p>\n","protected":false},"author":2,"featured_media":1491,"comment_status":"open","ping_status":"open","sticky":false,"template":"","format":"standard","meta":{"activitypub_content_warning":"","activitypub_content_visibility":"","footnotes":""},"categories":[4],"tags":[],"class_list":["post-1492","post","type-post","status-publish","format-standard","has-post-thumbnail","hentry","category-91eme-parallele"],"_links":{"self":[{"href":"https:\/\/juliette-cortese.fr\/index.php\/wp-json\/wp\/v2\/posts\/1492","targetHints":{"allow":["GET"]}}],"collection":[{"href":"https:\/\/juliette-cortese.fr\/index.php\/wp-json\/wp\/v2\/posts"}],"about":[{"href":"https:\/\/juliette-cortese.fr\/index.php\/wp-json\/wp\/v2\/types\/post"}],"author":[{"embeddable":true,"href":"https:\/\/juliette-cortese.fr\/index.php\/wp-json\/wp\/v2\/users\/2"}],"replies":[{"embeddable":true,"href":"https:\/\/juliette-cortese.fr\/index.php\/wp-json\/wp\/v2\/comments?post=1492"}],"version-history":[{"count":3,"href":"https:\/\/juliette-cortese.fr\/index.php\/wp-json\/wp\/v2\/posts\/1492\/revisions"}],"predecessor-version":[{"id":2034,"href":"https:\/\/juliette-cortese.fr\/index.php\/wp-json\/wp\/v2\/posts\/1492\/revisions\/2034"}],"wp:featuredmedia":[{"embeddable":true,"href":"https:\/\/juliette-cortese.fr\/index.php\/wp-json\/wp\/v2\/media\/1491"}],"wp:attachment":[{"href":"https:\/\/juliette-cortese.fr\/index.php\/wp-json\/wp\/v2\/media?parent=1492"}],"wp:term":[{"taxonomy":"category","embeddable":true,"href":"https:\/\/juliette-cortese.fr\/index.php\/wp-json\/wp\/v2\/categories?post=1492"},{"taxonomy":"post_tag","embeddable":true,"href":"https:\/\/juliette-cortese.fr\/index.php\/wp-json\/wp\/v2\/tags?post=1492"}],"curies":[{"name":"wp","href":"https:\/\/api.w.org\/{rel}","templated":true}]}}