{"id":1478,"date":"2024-03-19T08:00:41","date_gmt":"2024-03-19T07:00:41","guid":{"rendered":"https:\/\/juliette-cortese.fr\/?p=1478"},"modified":"2024-03-18T22:48:44","modified_gmt":"2024-03-18T21:48:44","slug":"48-fevrier","status":"publish","type":"post","link":"https:\/\/juliette-cortese.fr\/index.php\/2024\/03\/19\/48-fevrier\/","title":{"rendered":"48 f\u00e9vrier"},"content":{"rendered":"\n<p>Peut-on photographier les fleurs la nuit ? Nous vivons un printemps noir et blanc, baign\u00e9 de Lune ou d&rsquo;un soleil vertical qui ne laisse aucune place aux couleurs. \u00c7a se voit sur les arbres, dont le feuillage reste gris toute la journ\u00e9e.&nbsp;<\/p>\n\n\n\n<p>Depuis que je suis ici, j&rsquo;ai compris, peu \u00e0 peu. J\u2019ai perdu quelque chose de plus vaste que toi, mais je ne sais pas dire ce que c&rsquo;est. J&rsquo;attends tranquillement que \u00e7a vienne.&nbsp;<\/p>\n","protected":false},"excerpt":{"rendered":"<p>Peut-on photographier les fleurs la nuit ? Nous vivons un printemps noir et blanc, baign\u00e9 de Lune ou d&rsquo;un soleil vertical qui ne laisse aucune place aux couleurs. \u00c7a se voit sur les arbres, dont le feuillage reste gris toute la journ\u00e9e.&nbsp; Depuis que je suis ici, j&rsquo;ai compris, peu \u00e0 peu. J\u2019ai perdu quelque [&hellip;]<\/p>\n","protected":false},"author":2,"featured_media":1477,"comment_status":"open","ping_status":"open","sticky":false,"template":"","format":"standard","meta":{"activitypub_content_warning":"","activitypub_content_visibility":"","footnotes":""},"categories":[4],"tags":[],"class_list":["post-1478","post","type-post","status-publish","format-standard","has-post-thumbnail","hentry","category-91eme-parallele"],"_links":{"self":[{"href":"https:\/\/juliette-cortese.fr\/index.php\/wp-json\/wp\/v2\/posts\/1478","targetHints":{"allow":["GET"]}}],"collection":[{"href":"https:\/\/juliette-cortese.fr\/index.php\/wp-json\/wp\/v2\/posts"}],"about":[{"href":"https:\/\/juliette-cortese.fr\/index.php\/wp-json\/wp\/v2\/types\/post"}],"author":[{"embeddable":true,"href":"https:\/\/juliette-cortese.fr\/index.php\/wp-json\/wp\/v2\/users\/2"}],"replies":[{"embeddable":true,"href":"https:\/\/juliette-cortese.fr\/index.php\/wp-json\/wp\/v2\/comments?post=1478"}],"version-history":[{"count":2,"href":"https:\/\/juliette-cortese.fr\/index.php\/wp-json\/wp\/v2\/posts\/1478\/revisions"}],"predecessor-version":[{"id":2061,"href":"https:\/\/juliette-cortese.fr\/index.php\/wp-json\/wp\/v2\/posts\/1478\/revisions\/2061"}],"wp:featuredmedia":[{"embeddable":true,"href":"https:\/\/juliette-cortese.fr\/index.php\/wp-json\/wp\/v2\/media\/1477"}],"wp:attachment":[{"href":"https:\/\/juliette-cortese.fr\/index.php\/wp-json\/wp\/v2\/media?parent=1478"}],"wp:term":[{"taxonomy":"category","embeddable":true,"href":"https:\/\/juliette-cortese.fr\/index.php\/wp-json\/wp\/v2\/categories?post=1478"},{"taxonomy":"post_tag","embeddable":true,"href":"https:\/\/juliette-cortese.fr\/index.php\/wp-json\/wp\/v2\/tags?post=1478"}],"curies":[{"name":"wp","href":"https:\/\/api.w.org\/{rel}","templated":true}]}}