{"id":1188,"date":"2023-09-28T08:00:24","date_gmt":"2023-09-28T06:00:24","guid":{"rendered":"https:\/\/juliette-cortese.fr\/?p=1188"},"modified":"2023-09-27T23:37:41","modified_gmt":"2023-09-27T21:37:41","slug":"60-aout","status":"publish","type":"post","link":"https:\/\/juliette-cortese.fr\/index.php\/2023\/09\/28\/60-aout\/","title":{"rendered":"59 ao\u00fbt"},"content":{"rendered":"\n<p>Ombres et immeubles du salon, les reflets dans la t\u00eate. Ce qui passe. Le bleu du ciel est plus profond derri\u00e8re les feuilles claires des oliviers. Je suis vide m\u00eame de la fatigue. Je garde mon dos contre mon lit, je regarde le plafonnier qui tourne sur lui-m\u00eame, immobile, sans m\u00eame la compagnie d\u2019une mouche. J\u2019ai des m\u00e9gardes pour l\u2019int\u00e9rieur, j\u2019entends la souris qui fr\u00e9mit mais jamais plus ne sort de sa cachette. Une chose s\u2019est perdue, une confiance au dedans, il y a du doute maintenant, pas de la suspicion, juste une certitude moins pleine, un creux dans le savoir, une bosse, un nid-de-poule, je suis oblig\u00e9 de le voir, le trou.\u00a0<\/p>\n\n\n\n<p>Je ne peux plus ne pas savoir.&nbsp;<\/p>\n","protected":false},"excerpt":{"rendered":"<p>Ombres et immeubles du salon, les reflets dans la t\u00eate. Ce qui passe. Le bleu du ciel est plus profond derri\u00e8re les feuilles claires des oliviers. Je suis vide m\u00eame de la fatigue. Je garde mon dos contre mon lit, je regarde le plafonnier qui tourne sur lui-m\u00eame, immobile, sans m\u00eame la compagnie d\u2019une mouche. [&hellip;]<\/p>\n","protected":false},"author":2,"featured_media":1187,"comment_status":"open","ping_status":"open","sticky":false,"template":"","format":"standard","meta":{"activitypub_content_warning":"","activitypub_content_visibility":"","activitypub_max_image_attachments":3,"activitypub_interaction_policy_quote":"anyone","activitypub_status":"","footnotes":""},"categories":[4],"tags":[],"class_list":["post-1188","post","type-post","status-publish","format-standard","has-post-thumbnail","hentry","category-91eme-parallele"],"_links":{"self":[{"href":"https:\/\/juliette-cortese.fr\/index.php\/wp-json\/wp\/v2\/posts\/1188","targetHints":{"allow":["GET"]}}],"collection":[{"href":"https:\/\/juliette-cortese.fr\/index.php\/wp-json\/wp\/v2\/posts"}],"about":[{"href":"https:\/\/juliette-cortese.fr\/index.php\/wp-json\/wp\/v2\/types\/post"}],"author":[{"embeddable":true,"href":"https:\/\/juliette-cortese.fr\/index.php\/wp-json\/wp\/v2\/users\/2"}],"replies":[{"embeddable":true,"href":"https:\/\/juliette-cortese.fr\/index.php\/wp-json\/wp\/v2\/comments?post=1188"}],"version-history":[{"count":3,"href":"https:\/\/juliette-cortese.fr\/index.php\/wp-json\/wp\/v2\/posts\/1188\/revisions"}],"predecessor-version":[{"id":1334,"href":"https:\/\/juliette-cortese.fr\/index.php\/wp-json\/wp\/v2\/posts\/1188\/revisions\/1334"}],"wp:featuredmedia":[{"embeddable":true,"href":"https:\/\/juliette-cortese.fr\/index.php\/wp-json\/wp\/v2\/media\/1187"}],"wp:attachment":[{"href":"https:\/\/juliette-cortese.fr\/index.php\/wp-json\/wp\/v2\/media?parent=1188"}],"wp:term":[{"taxonomy":"category","embeddable":true,"href":"https:\/\/juliette-cortese.fr\/index.php\/wp-json\/wp\/v2\/categories?post=1188"},{"taxonomy":"post_tag","embeddable":true,"href":"https:\/\/juliette-cortese.fr\/index.php\/wp-json\/wp\/v2\/tags?post=1188"}],"curies":[{"name":"wp","href":"https:\/\/api.w.org\/{rel}","templated":true}]}}