{"id":1186,"date":"2023-09-29T08:00:34","date_gmt":"2023-09-29T06:00:34","guid":{"rendered":"https:\/\/juliette-cortese.fr\/?p=1186"},"modified":"2023-09-28T23:17:38","modified_gmt":"2023-09-28T21:17:38","slug":"61-aout","status":"publish","type":"post","link":"https:\/\/juliette-cortese.fr\/index.php\/2023\/09\/29\/61-aout\/","title":{"rendered":"60 ao\u00fbt"},"content":{"rendered":"\n<p>Une b\u00e9ance et quoi, le bleu des automnes et reflets de pieds, portrait en pied\u00a0 &#8211; un \u00e9cho non visible &#8211; je suis sans pr\u00e9sage ni ascenseur, je n\u2019ai pas de quoi acc\u00e9l\u00e9rer ma pens\u00e9e, il faut se tenir \u00e0 ce temps qui coule au rythme lent des man\u00e8ges sans bords, un jour on n\u2019aura plus de pinces dans nos t\u00eates, rien qui nous tienne le cerveau en place, les lobes pourront tourner sur eux-m\u00eames et alors tout sera chang\u00e9 parce que le monde ne sera plus pens\u00e9 dans le m\u00eame sens, sera pens\u00e9 dans le sens des poissons pas dans celui des camions, et les fleuves couleront dans une direction nouvelle.\u00a0<\/p>\n","protected":false},"excerpt":{"rendered":"<p>Une b\u00e9ance et quoi, le bleu des automnes et reflets de pieds, portrait en pied\u00a0 &#8211; un \u00e9cho non visible &#8211; je suis sans pr\u00e9sage ni ascenseur, je n\u2019ai pas de quoi acc\u00e9l\u00e9rer ma pens\u00e9e, il faut se tenir \u00e0 ce temps qui coule au rythme lent des man\u00e8ges sans bords, un jour on n\u2019aura [&hellip;]<\/p>\n","protected":false},"author":2,"featured_media":1185,"comment_status":"open","ping_status":"open","sticky":false,"template":"","format":"standard","meta":{"activitypub_content_warning":"","activitypub_content_visibility":"","activitypub_max_image_attachments":3,"activitypub_interaction_policy_quote":"anyone","activitypub_status":"","footnotes":""},"categories":[4],"tags":[],"class_list":["post-1186","post","type-post","status-publish","format-standard","has-post-thumbnail","hentry","category-91eme-parallele"],"_links":{"self":[{"href":"https:\/\/juliette-cortese.fr\/index.php\/wp-json\/wp\/v2\/posts\/1186","targetHints":{"allow":["GET"]}}],"collection":[{"href":"https:\/\/juliette-cortese.fr\/index.php\/wp-json\/wp\/v2\/posts"}],"about":[{"href":"https:\/\/juliette-cortese.fr\/index.php\/wp-json\/wp\/v2\/types\/post"}],"author":[{"embeddable":true,"href":"https:\/\/juliette-cortese.fr\/index.php\/wp-json\/wp\/v2\/users\/2"}],"replies":[{"embeddable":true,"href":"https:\/\/juliette-cortese.fr\/index.php\/wp-json\/wp\/v2\/comments?post=1186"}],"version-history":[{"count":2,"href":"https:\/\/juliette-cortese.fr\/index.php\/wp-json\/wp\/v2\/posts\/1186\/revisions"}],"predecessor-version":[{"id":1335,"href":"https:\/\/juliette-cortese.fr\/index.php\/wp-json\/wp\/v2\/posts\/1186\/revisions\/1335"}],"wp:featuredmedia":[{"embeddable":true,"href":"https:\/\/juliette-cortese.fr\/index.php\/wp-json\/wp\/v2\/media\/1185"}],"wp:attachment":[{"href":"https:\/\/juliette-cortese.fr\/index.php\/wp-json\/wp\/v2\/media?parent=1186"}],"wp:term":[{"taxonomy":"category","embeddable":true,"href":"https:\/\/juliette-cortese.fr\/index.php\/wp-json\/wp\/v2\/categories?post=1186"},{"taxonomy":"post_tag","embeddable":true,"href":"https:\/\/juliette-cortese.fr\/index.php\/wp-json\/wp\/v2\/tags?post=1186"}],"curies":[{"name":"wp","href":"https:\/\/api.w.org\/{rel}","templated":true}]}}