{"id":1178,"date":"2023-10-03T08:00:00","date_gmt":"2023-10-03T06:00:00","guid":{"rendered":"https:\/\/juliette-cortese.fr\/?p=1178"},"modified":"2023-10-02T18:29:58","modified_gmt":"2023-10-02T16:29:58","slug":"33-septembre","status":"publish","type":"post","link":"https:\/\/juliette-cortese.fr\/index.php\/2023\/10\/03\/33-septembre\/","title":{"rendered":"33 septembre"},"content":{"rendered":"\n<p>J&rsquo;en ai marre de parler d&rsquo;amour.&nbsp;<\/p>\n\n\n\n<p>Apr\u00e8s l&rsquo;\u00e9t\u00e9 les ombres continuaient leurs travaux, rappelaient l&rsquo;\u00e9t\u00e9 avec des grands cris de fra\u00eecheur et des urbanit\u00e9s nouvelles.<\/p>\n\n\n\n<p>J&rsquo;en ai marre de parler d&rsquo;amour. Le comble pour quelqu&rsquo;un qui ne sait pas comment a disparue son autre ?<\/p>\n\n\n\n<p>Rappellaient l\u2019\u00e9t\u00e9 avec des grands cris de fra\u00eecheur.&nbsp;<\/p>\n\n\n\n<p>Je te rappelle avec des grands cris noirs.&nbsp;<\/p>\n\n\n\n<p>Nous pers\u00e9v\u00e9rons, dit la femme en blanc. Mais que faut-il faire ?<\/p>\n\n\n\n<p>Je n&rsquo;ai qu&rsquo;envie de te parler.&nbsp;<\/p>\n","protected":false},"excerpt":{"rendered":"<p>J&rsquo;en ai marre de parler d&rsquo;amour.&nbsp; Apr\u00e8s l&rsquo;\u00e9t\u00e9 les ombres continuaient leurs travaux, rappelaient l&rsquo;\u00e9t\u00e9 avec des grands cris de fra\u00eecheur et des urbanit\u00e9s nouvelles. J&rsquo;en ai marre de parler d&rsquo;amour. Le comble pour quelqu&rsquo;un qui ne sait pas comment a disparue son autre ? Rappellaient l\u2019\u00e9t\u00e9 avec des grands cris de fra\u00eecheur.&nbsp; Je te [&hellip;]<\/p>\n","protected":false},"author":2,"featured_media":1177,"comment_status":"open","ping_status":"open","sticky":false,"template":"","format":"standard","meta":{"activitypub_content_warning":"","activitypub_content_visibility":"","activitypub_max_image_attachments":3,"activitypub_interaction_policy_quote":"anyone","activitypub_status":"","footnotes":""},"categories":[4],"tags":[],"class_list":["post-1178","post","type-post","status-publish","format-standard","has-post-thumbnail","hentry","category-91eme-parallele"],"_links":{"self":[{"href":"https:\/\/juliette-cortese.fr\/index.php\/wp-json\/wp\/v2\/posts\/1178","targetHints":{"allow":["GET"]}}],"collection":[{"href":"https:\/\/juliette-cortese.fr\/index.php\/wp-json\/wp\/v2\/posts"}],"about":[{"href":"https:\/\/juliette-cortese.fr\/index.php\/wp-json\/wp\/v2\/types\/post"}],"author":[{"embeddable":true,"href":"https:\/\/juliette-cortese.fr\/index.php\/wp-json\/wp\/v2\/users\/2"}],"replies":[{"embeddable":true,"href":"https:\/\/juliette-cortese.fr\/index.php\/wp-json\/wp\/v2\/comments?post=1178"}],"version-history":[{"count":2,"href":"https:\/\/juliette-cortese.fr\/index.php\/wp-json\/wp\/v2\/posts\/1178\/revisions"}],"predecessor-version":[{"id":1362,"href":"https:\/\/juliette-cortese.fr\/index.php\/wp-json\/wp\/v2\/posts\/1178\/revisions\/1362"}],"wp:featuredmedia":[{"embeddable":true,"href":"https:\/\/juliette-cortese.fr\/index.php\/wp-json\/wp\/v2\/media\/1177"}],"wp:attachment":[{"href":"https:\/\/juliette-cortese.fr\/index.php\/wp-json\/wp\/v2\/media?parent=1178"}],"wp:term":[{"taxonomy":"category","embeddable":true,"href":"https:\/\/juliette-cortese.fr\/index.php\/wp-json\/wp\/v2\/categories?post=1178"},{"taxonomy":"post_tag","embeddable":true,"href":"https:\/\/juliette-cortese.fr\/index.php\/wp-json\/wp\/v2\/tags?post=1178"}],"curies":[{"name":"wp","href":"https:\/\/api.w.org\/{rel}","templated":true}]}}