{"id":1176,"date":"2023-10-04T08:00:23","date_gmt":"2023-10-04T06:00:23","guid":{"rendered":"https:\/\/juliette-cortese.fr\/?p=1176"},"modified":"2023-10-03T23:26:54","modified_gmt":"2023-10-03T21:26:54","slug":"34-septembre","status":"publish","type":"post","link":"https:\/\/juliette-cortese.fr\/index.php\/2023\/10\/04\/34-septembre\/","title":{"rendered":"34 septembre"},"content":{"rendered":"\n<p>Ce matin j&rsquo;ai crois\u00e9 une \u00e9toile tomb\u00e9e dans le rouge sombre du trottoir. Elle m&rsquo;a fait penser \u00e0 ton visage au r\u00e9veil, cet air pas fini, les contours incertains. Et le rouge autour.&nbsp;<\/p>\n\n\n\n<p>Je suis mal plac\u00e9 pour parler. Je suis de ceux qu&rsquo;on arr\u00eate. Nous ne sommes plus si nombreux, et j&rsquo;ai des jambes de femme \u00e0 pr\u00e9sent.\u00a0<\/p>\n\n\n\n<p>Mes jambes me font penser diff\u00e9remment. Je suis s\u00fbr que \u00e7a t&rsquo;int\u00e9resserait beaucoup.<\/p>\n","protected":false},"excerpt":{"rendered":"<p>Ce matin j&rsquo;ai crois\u00e9 une \u00e9toile tomb\u00e9e dans le rouge sombre du trottoir. Elle m&rsquo;a fait penser \u00e0 ton visage au r\u00e9veil, cet air pas fini, les contours incertains. Et le rouge autour.&nbsp; Je suis mal plac\u00e9 pour parler. Je suis de ceux qu&rsquo;on arr\u00eate. Nous ne sommes plus si nombreux, et j&rsquo;ai des jambes [&hellip;]<\/p>\n","protected":false},"author":2,"featured_media":1175,"comment_status":"open","ping_status":"open","sticky":false,"template":"","format":"standard","meta":{"activitypub_content_warning":"","activitypub_content_visibility":"","activitypub_max_image_attachments":3,"activitypub_interaction_policy_quote":"anyone","activitypub_status":"","footnotes":""},"categories":[4],"tags":[],"class_list":["post-1176","post","type-post","status-publish","format-standard","has-post-thumbnail","hentry","category-91eme-parallele"],"_links":{"self":[{"href":"https:\/\/juliette-cortese.fr\/index.php\/wp-json\/wp\/v2\/posts\/1176","targetHints":{"allow":["GET"]}}],"collection":[{"href":"https:\/\/juliette-cortese.fr\/index.php\/wp-json\/wp\/v2\/posts"}],"about":[{"href":"https:\/\/juliette-cortese.fr\/index.php\/wp-json\/wp\/v2\/types\/post"}],"author":[{"embeddable":true,"href":"https:\/\/juliette-cortese.fr\/index.php\/wp-json\/wp\/v2\/users\/2"}],"replies":[{"embeddable":true,"href":"https:\/\/juliette-cortese.fr\/index.php\/wp-json\/wp\/v2\/comments?post=1176"}],"version-history":[{"count":2,"href":"https:\/\/juliette-cortese.fr\/index.php\/wp-json\/wp\/v2\/posts\/1176\/revisions"}],"predecessor-version":[{"id":1364,"href":"https:\/\/juliette-cortese.fr\/index.php\/wp-json\/wp\/v2\/posts\/1176\/revisions\/1364"}],"wp:featuredmedia":[{"embeddable":true,"href":"https:\/\/juliette-cortese.fr\/index.php\/wp-json\/wp\/v2\/media\/1175"}],"wp:attachment":[{"href":"https:\/\/juliette-cortese.fr\/index.php\/wp-json\/wp\/v2\/media?parent=1176"}],"wp:term":[{"taxonomy":"category","embeddable":true,"href":"https:\/\/juliette-cortese.fr\/index.php\/wp-json\/wp\/v2\/categories?post=1176"},{"taxonomy":"post_tag","embeddable":true,"href":"https:\/\/juliette-cortese.fr\/index.php\/wp-json\/wp\/v2\/tags?post=1176"}],"curies":[{"name":"wp","href":"https:\/\/api.w.org\/{rel}","templated":true}]}}