{"id":1158,"date":"2023-10-14T08:00:20","date_gmt":"2023-10-14T06:00:20","guid":{"rendered":"https:\/\/juliette-cortese.fr\/?p=1158"},"modified":"2023-10-14T16:31:21","modified_gmt":"2023-10-14T14:31:21","slug":"44-septembre","status":"publish","type":"post","link":"https:\/\/juliette-cortese.fr\/index.php\/2023\/10\/14\/44-septembre\/","title":{"rendered":"44 septembre"},"content":{"rendered":"\n<p>Reflets d&rsquo;\u00e9vidence dans la surface obscure, du vivant qui bo\u00eete. Je ne reconnais pas les visages. Quelque chose se sait qui ne m&rsquo;appartient pas, et jamais on n&rsquo;\u00e9claire toute la tache rouge, toute la lumi\u00e8re aux prisons de l&rsquo;opacit\u00e9, tout le noir br\u00fblant des paupi\u00e8res.&nbsp;<\/p>\n\n\n\n<p>Je mange quelque chose qui ressemble \u00e0 du printemps, le trouble s&rsquo;\u00e9tend dans le corps entier. C&rsquo;est nouveau, vert in\u00e9dit. Peut-\u00eatre une autre voie, un chemin de langage, un parfum, des arbres pas encore vus. Une autre fa\u00e7on de marcher.\u00a0<\/p>\n","protected":false},"excerpt":{"rendered":"<p>Reflets d&rsquo;\u00e9vidence dans la surface obscure, du vivant qui bo\u00eete. Je ne reconnais pas les visages. Quelque chose se sait qui ne m&rsquo;appartient pas, et jamais on n&rsquo;\u00e9claire toute la tache rouge, toute la lumi\u00e8re aux prisons de l&rsquo;opacit\u00e9, tout le noir br\u00fblant des paupi\u00e8res.&nbsp; Je mange quelque chose qui ressemble \u00e0 du printemps, le [&hellip;]<\/p>\n","protected":false},"author":2,"featured_media":1157,"comment_status":"open","ping_status":"open","sticky":false,"template":"","format":"standard","meta":{"activitypub_content_warning":"","activitypub_content_visibility":"","footnotes":""},"categories":[4],"tags":[],"class_list":["post-1158","post","type-post","status-publish","format-standard","has-post-thumbnail","hentry","category-91eme-parallele"],"_links":{"self":[{"href":"https:\/\/juliette-cortese.fr\/index.php\/wp-json\/wp\/v2\/posts\/1158","targetHints":{"allow":["GET"]}}],"collection":[{"href":"https:\/\/juliette-cortese.fr\/index.php\/wp-json\/wp\/v2\/posts"}],"about":[{"href":"https:\/\/juliette-cortese.fr\/index.php\/wp-json\/wp\/v2\/types\/post"}],"author":[{"embeddable":true,"href":"https:\/\/juliette-cortese.fr\/index.php\/wp-json\/wp\/v2\/users\/2"}],"replies":[{"embeddable":true,"href":"https:\/\/juliette-cortese.fr\/index.php\/wp-json\/wp\/v2\/comments?post=1158"}],"version-history":[{"count":4,"href":"https:\/\/juliette-cortese.fr\/index.php\/wp-json\/wp\/v2\/posts\/1158\/revisions"}],"predecessor-version":[{"id":1385,"href":"https:\/\/juliette-cortese.fr\/index.php\/wp-json\/wp\/v2\/posts\/1158\/revisions\/1385"}],"wp:featuredmedia":[{"embeddable":true,"href":"https:\/\/juliette-cortese.fr\/index.php\/wp-json\/wp\/v2\/media\/1157"}],"wp:attachment":[{"href":"https:\/\/juliette-cortese.fr\/index.php\/wp-json\/wp\/v2\/media?parent=1158"}],"wp:term":[{"taxonomy":"category","embeddable":true,"href":"https:\/\/juliette-cortese.fr\/index.php\/wp-json\/wp\/v2\/categories?post=1158"},{"taxonomy":"post_tag","embeddable":true,"href":"https:\/\/juliette-cortese.fr\/index.php\/wp-json\/wp\/v2\/tags?post=1158"}],"curies":[{"name":"wp","href":"https:\/\/api.w.org\/{rel}","templated":true}]}}