{"id":1154,"date":"2023-10-16T08:00:04","date_gmt":"2023-10-16T06:00:04","guid":{"rendered":"https:\/\/juliette-cortese.fr\/?p=1154"},"modified":"2023-10-15T09:28:14","modified_gmt":"2023-10-15T07:28:14","slug":"46-septembre-2","status":"publish","type":"post","link":"https:\/\/juliette-cortese.fr\/index.php\/2023\/10\/16\/46-septembre-2\/","title":{"rendered":"46 septembre"},"content":{"rendered":"\n<p>Je dessinerai ton corps de violoncelle, ton visage double, tes nez et tes yeux en m\u00e9lange, j&rsquo;oublierai la perspective et j&rsquo;h\u00e9siterai sur la couleur, je dessinerai les bleus au ventre et les d\u00e9couragements du jour, les pens\u00e9es labiles, les \u00e0quoibonnements du ciel gris.&nbsp;<\/p>\n\n\n\n<p>Je prends tout mon d\u00e9sir de peindre et je le consacre \u00e0 parler, \u00e0 \u00e9crire.&nbsp;<\/p>\n","protected":false},"excerpt":{"rendered":"<p>Je dessinerai ton corps de violoncelle, ton visage double, tes nez et tes yeux en m\u00e9lange, j&rsquo;oublierai la perspective et j&rsquo;h\u00e9siterai sur la couleur, je dessinerai les bleus au ventre et les d\u00e9couragements du jour, les pens\u00e9es labiles, les \u00e0quoibonnements du ciel gris.&nbsp; Je prends tout mon d\u00e9sir de peindre et je le consacre \u00e0 [&hellip;]<\/p>\n","protected":false},"author":2,"featured_media":1153,"comment_status":"open","ping_status":"open","sticky":false,"template":"","format":"standard","meta":{"activitypub_content_warning":"","activitypub_content_visibility":"","footnotes":""},"categories":[4],"tags":[],"class_list":["post-1154","post","type-post","status-publish","format-standard","has-post-thumbnail","hentry","category-91eme-parallele"],"_links":{"self":[{"href":"https:\/\/juliette-cortese.fr\/index.php\/wp-json\/wp\/v2\/posts\/1154","targetHints":{"allow":["GET"]}}],"collection":[{"href":"https:\/\/juliette-cortese.fr\/index.php\/wp-json\/wp\/v2\/posts"}],"about":[{"href":"https:\/\/juliette-cortese.fr\/index.php\/wp-json\/wp\/v2\/types\/post"}],"author":[{"embeddable":true,"href":"https:\/\/juliette-cortese.fr\/index.php\/wp-json\/wp\/v2\/users\/2"}],"replies":[{"embeddable":true,"href":"https:\/\/juliette-cortese.fr\/index.php\/wp-json\/wp\/v2\/comments?post=1154"}],"version-history":[{"count":1,"href":"https:\/\/juliette-cortese.fr\/index.php\/wp-json\/wp\/v2\/posts\/1154\/revisions"}],"predecessor-version":[{"id":1388,"href":"https:\/\/juliette-cortese.fr\/index.php\/wp-json\/wp\/v2\/posts\/1154\/revisions\/1388"}],"wp:featuredmedia":[{"embeddable":true,"href":"https:\/\/juliette-cortese.fr\/index.php\/wp-json\/wp\/v2\/media\/1153"}],"wp:attachment":[{"href":"https:\/\/juliette-cortese.fr\/index.php\/wp-json\/wp\/v2\/media?parent=1154"}],"wp:term":[{"taxonomy":"category","embeddable":true,"href":"https:\/\/juliette-cortese.fr\/index.php\/wp-json\/wp\/v2\/categories?post=1154"},{"taxonomy":"post_tag","embeddable":true,"href":"https:\/\/juliette-cortese.fr\/index.php\/wp-json\/wp\/v2\/tags?post=1154"}],"curies":[{"name":"wp","href":"https:\/\/api.w.org\/{rel}","templated":true}]}}