{"id":1150,"date":"2023-10-18T08:00:00","date_gmt":"2023-10-18T06:00:00","guid":{"rendered":"https:\/\/juliette-cortese.fr\/?p=1150"},"modified":"2023-10-18T08:21:43","modified_gmt":"2023-10-18T06:21:43","slug":"48-septembre","status":"publish","type":"post","link":"https:\/\/juliette-cortese.fr\/index.php\/2023\/10\/18\/48-septembre\/","title":{"rendered":"48 septembre"},"content":{"rendered":"\n<p>Je voulais faire un r\u00e9cit, quelque chose qui parle et signifie, du langage qui prenne la forme d&rsquo;un paysage coh\u00e9rent, r\u00e9el. Un texte qui poserait les col\u00e8res, les murs, les histoires d\u00e9rout\u00e9es qui percent nos plafonds, des cercles qu&rsquo;on ne sait pas.&nbsp;<\/p>\n\n\n\n<p>Un collier de trous noirs sur un fil de clart\u00e9 terrienne.<\/p>\n","protected":false},"excerpt":{"rendered":"<p>Je voulais faire un r\u00e9cit, quelque chose qui parle et signifie, du langage qui prenne la forme d&rsquo;un paysage coh\u00e9rent, r\u00e9el. Un texte qui poserait les col\u00e8res, les murs, les histoires d\u00e9rout\u00e9es qui percent nos plafonds, des cercles qu&rsquo;on ne sait pas.&nbsp; Un collier de trous noirs sur un fil de clart\u00e9 terrienne.<\/p>\n","protected":false},"author":2,"featured_media":1149,"comment_status":"open","ping_status":"open","sticky":false,"template":"","format":"standard","meta":{"activitypub_content_warning":"","activitypub_content_visibility":"","footnotes":""},"categories":[4],"tags":[],"class_list":["post-1150","post","type-post","status-publish","format-standard","has-post-thumbnail","hentry","category-91eme-parallele"],"_links":{"self":[{"href":"https:\/\/juliette-cortese.fr\/index.php\/wp-json\/wp\/v2\/posts\/1150","targetHints":{"allow":["GET"]}}],"collection":[{"href":"https:\/\/juliette-cortese.fr\/index.php\/wp-json\/wp\/v2\/posts"}],"about":[{"href":"https:\/\/juliette-cortese.fr\/index.php\/wp-json\/wp\/v2\/types\/post"}],"author":[{"embeddable":true,"href":"https:\/\/juliette-cortese.fr\/index.php\/wp-json\/wp\/v2\/users\/2"}],"replies":[{"embeddable":true,"href":"https:\/\/juliette-cortese.fr\/index.php\/wp-json\/wp\/v2\/comments?post=1150"}],"version-history":[{"count":2,"href":"https:\/\/juliette-cortese.fr\/index.php\/wp-json\/wp\/v2\/posts\/1150\/revisions"}],"predecessor-version":[{"id":1392,"href":"https:\/\/juliette-cortese.fr\/index.php\/wp-json\/wp\/v2\/posts\/1150\/revisions\/1392"}],"wp:featuredmedia":[{"embeddable":true,"href":"https:\/\/juliette-cortese.fr\/index.php\/wp-json\/wp\/v2\/media\/1149"}],"wp:attachment":[{"href":"https:\/\/juliette-cortese.fr\/index.php\/wp-json\/wp\/v2\/media?parent=1150"}],"wp:term":[{"taxonomy":"category","embeddable":true,"href":"https:\/\/juliette-cortese.fr\/index.php\/wp-json\/wp\/v2\/categories?post=1150"},{"taxonomy":"post_tag","embeddable":true,"href":"https:\/\/juliette-cortese.fr\/index.php\/wp-json\/wp\/v2\/tags?post=1150"}],"curies":[{"name":"wp","href":"https:\/\/api.w.org\/{rel}","templated":true}]}}