{"id":1083,"date":"2023-11-24T08:00:00","date_gmt":"2023-11-24T07:00:00","guid":{"rendered":"https:\/\/juliette-cortese.fr\/?p=1083"},"modified":"2023-11-23T23:03:58","modified_gmt":"2023-11-23T22:03:58","slug":"55-octobre","status":"publish","type":"post","link":"https:\/\/juliette-cortese.fr\/index.php\/2023\/11\/24\/55-octobre\/","title":{"rendered":"55 octobre"},"content":{"rendered":"\n<p>Alors j\u2019ai pens\u00e9 demander. Puisqu\u2019on ne voit pas ce que donne un visage qui change. C\u2019est la bredouillerie de l\u2019autre jour qui m\u2019y a fait penser. Quand nos gens s\u2019enmeurent, on serait plus de langage d&rsquo;un coup, on serait d\u2019abord parl\u00e9s par les mots, et eux emm\u00eal\u00e9s se presseraient, s&rsquo;\u00e9craseraient en pur\u00e9e, une vraie bouillie, soupedemolang\u00e9s, les autres enlangagem\u00eal\u00e9s.<\/p>\n\n\n\n<p>Bouillie de visage aussi, les morceaux \u00e9pars, les \u00e9l\u00e9ments chang\u00e9s de nature, la parole embrouill\u00e9e l\u00e0 au milieu, au milieu du visage. Faire parler le visage, lui faire dire par la voix des autres qui je suis \u2013 peut-\u00eatre \u2013 me redonnerait un nom ?&nbsp;<\/p>\n\n\n\n<p>Je regarde par le mot voir, je respire par le mot nez, je parle par le mot bouche, mais jamais ne tr\u00e9sore la forme de mon visage, \u00e0 mettre au coffre comme toute chose pourtant pr\u00e9cieuse.&nbsp;<\/p>\n","protected":false},"excerpt":{"rendered":"<p>Alors j\u2019ai pens\u00e9 demander. Puisqu\u2019on ne voit pas ce que donne un visage qui change. C\u2019est la bredouillerie de l\u2019autre jour qui m\u2019y a fait penser. Quand nos gens s\u2019enmeurent, on serait plus de langage d&rsquo;un coup, on serait d\u2019abord parl\u00e9s par les mots, et eux emm\u00eal\u00e9s se presseraient, s&rsquo;\u00e9craseraient en pur\u00e9e, une vraie bouillie, [&hellip;]<\/p>\n","protected":false},"author":2,"featured_media":1082,"comment_status":"open","ping_status":"open","sticky":false,"template":"","format":"standard","meta":{"activitypub_content_warning":"","activitypub_content_visibility":"","footnotes":""},"categories":[4],"tags":[],"class_list":["post-1083","post","type-post","status-publish","format-standard","has-post-thumbnail","hentry","category-91eme-parallele"],"_links":{"self":[{"href":"https:\/\/juliette-cortese.fr\/index.php\/wp-json\/wp\/v2\/posts\/1083","targetHints":{"allow":["GET"]}}],"collection":[{"href":"https:\/\/juliette-cortese.fr\/index.php\/wp-json\/wp\/v2\/posts"}],"about":[{"href":"https:\/\/juliette-cortese.fr\/index.php\/wp-json\/wp\/v2\/types\/post"}],"author":[{"embeddable":true,"href":"https:\/\/juliette-cortese.fr\/index.php\/wp-json\/wp\/v2\/users\/2"}],"replies":[{"embeddable":true,"href":"https:\/\/juliette-cortese.fr\/index.php\/wp-json\/wp\/v2\/comments?post=1083"}],"version-history":[{"count":2,"href":"https:\/\/juliette-cortese.fr\/index.php\/wp-json\/wp\/v2\/posts\/1083\/revisions"}],"predecessor-version":[{"id":1453,"href":"https:\/\/juliette-cortese.fr\/index.php\/wp-json\/wp\/v2\/posts\/1083\/revisions\/1453"}],"wp:featuredmedia":[{"embeddable":true,"href":"https:\/\/juliette-cortese.fr\/index.php\/wp-json\/wp\/v2\/media\/1082"}],"wp:attachment":[{"href":"https:\/\/juliette-cortese.fr\/index.php\/wp-json\/wp\/v2\/media?parent=1083"}],"wp:term":[{"taxonomy":"category","embeddable":true,"href":"https:\/\/juliette-cortese.fr\/index.php\/wp-json\/wp\/v2\/categories?post=1083"},{"taxonomy":"post_tag","embeddable":true,"href":"https:\/\/juliette-cortese.fr\/index.php\/wp-json\/wp\/v2\/tags?post=1083"}],"curies":[{"name":"wp","href":"https:\/\/api.w.org\/{rel}","templated":true}]}}